{"id":36309,"date":"2011-08-23T10:38:57","date_gmt":"2011-08-23T14:38:57","guid":{"rendered":"http:\/\/www.redenoticia.com.br\/noticia\/?p=36309"},"modified":"2011-08-23T10:38:57","modified_gmt":"2011-08-23T14:38:57","slug":"unicamp-abre-inscricoes-para-o-vestibular-2012","status":"publish","type":"post","link":"https:\/\/migracao.redenoticia.com.br\/noticia\/2011\/unicamp-abre-inscricoes-para-o-vestibular-2012\/36309","title":{"rendered":"Unicamp abre inscri\u00e7\u00f5es para o Vestibular 2012"},"content":{"rendered":"<h2><span class=\"Apple-style-span\" style=\"font-size: 13px; font-weight: normal;\"><img loading=\"lazy\" decoding=\"async\" class=\"alignleft size-full wp-image-34770\" title=\"vestibular\" src=\"https:\/\/migracao.redenoticia.com.br\/noticia\/imagens\/vestibular1.jpg\" alt=\"\" width=\"301\" height=\"194\" srcset=\"https:\/\/migracao.redenoticia.com.br\/noticia\/imagens\/vestibular1.jpg 301w, https:\/\/migracao.redenoticia.com.br\/noticia\/imagens\/vestibular1-250x161.jpg 250w, https:\/\/migracao.redenoticia.com.br\/noticia\/imagens\/vestibular1-150x96.jpg 150w\" sizes=\"auto, (max-width: 301px) 100vw, 301px\" \/>A Comiss\u00e3o Permanente para os Vestibulares da <em><strong>Unicamp<\/strong><\/em> (<em><strong>Comvest<\/strong><\/em>) abriu as inscri\u00e7\u00f5es para o <em><strong>Vestibular<\/strong><\/em> Nacional Unicamp 2012. As inscri\u00e7\u00f5es poder\u00e3o ser feitas at\u00e9 o dia 23 de setembro, exclusivamente pela internet, em formul\u00e1rio dispon\u00edvel no site da Comvest. O Vestibular Unicamp 2012 oferece 3.444 vagas em 66 cursos da Unicamp e dois cursos da Famerp (Faculdade de Medicina e Enfermagem de S\u00e3o Jos\u00e9 do Rio Preto). A taxa de inscri\u00e7\u00e3o \u00e9 de 128 reais. O Kit do Vestibulando (Manual do Candidato e Revista do Vestibulando) \u00e9 gratuito e est\u00e1 dispon\u00edvel para consulta e impress\u00e3o na p\u00e1gina eletr\u00f4nica da Comvest. A primeira fase ser\u00e1 realizada em 13 de novembro de 2011 e a segunda fase, nos dias 15, 16 e 17 de janeiro de 2012.\u00a0Para mais informa\u00e7\u00f5es acesse\u00a0<a href=\"http:\/\/www.comvest.unicamp.br\/index.html\" target=\"_blank\">http:\/\/www.comvest.unicamp.br\/index.html<\/a>.<\/span><\/h2>\n<p>O Vestibular Unicamp 2012 mant\u00e9m o mesmo formato de provas lan\u00e7ado no ano passado: na primeira fase, a prova tem duas partes, a Reda\u00e7\u00e3o, em que o candidato ser\u00e1 solicitado a produzir tr\u00eas textos de g\u00eaneros diversos, todos de execu\u00e7\u00e3o obrigat\u00f3ria, e a parte de Conhecimentos Gerais, com 48 quest\u00f5es de m\u00faltipla escolha, baseadas nos conte\u00fados das diversas \u00e1reas do conhecimento desenvolvidas no ensino m\u00e9dio. Na segunda fase, realizada em tr\u00eas dias consecutivos, todas as provas s\u00e3o de natureza discursiva, sendo: 1\u00ba dia &#8211; prova de L\u00edngua Portuguesa e de Literaturas da L\u00edngua Portuguesa e prova de Matem\u00e1tica; 2\u00ba dia &#8211; Prova de Ci\u00eancias Humanas e Artes e prova de L\u00edngua Inglesa; 3\u00ba dia &#8211; prova de Ci\u00eancias da Natureza.<\/p>\n<p>Mudan\u00e7as<\/p>\n<p>Esse ano, as notas obtidas pelos candidatos na primeira fase passam a ser padronizadas (e n\u00e3o mais brutas), assim como j\u00e1 ocorria com as notas da segunda fase. Deixa de existir a op\u00e7\u00e3o Ci\u00eancias da Terra, que agrupava os cursos de Geologia (per\u00edodo integral) e Geografia (per\u00edodo integral) para o ingresso na Unicamp, sendo que a op\u00e7\u00e3o por um ou outro curso passar\u00e1 a ser feita na inscri\u00e7\u00e3o para o vestibular. As provas deixam de ser aplicadas nas cidades de Valinhos e Goi\u00e2nia. Sobre o uso do Enem no vestibular deste ano, a Comvest informa que:<\/p>\n<p>* s\u00f3 ser\u00e3o utilizadas as notas do Enem para fins de classifica\u00e7\u00e3o para a segunda fase do vestibular caso o Minist\u00e9rio da Educa\u00e7\u00e3o (MEC) disponibilize o cadastro e as notas relativas ao Enem 2011 at\u00e9 o dia 30 de novembro de 2011. Caso contr\u00e1rio, as notas do Enem, de 2010 ou de 2011, n\u00e3o ser\u00e3o consideradas para nenhum candidato nessa fase do vestibular;<br \/>\n* s\u00f3 ser\u00e3o utilizadas as notas do Enem para compor a nota da primeira fase no c\u00e1lculo da nota final do vestibular caso o Minist\u00e9rio da Educa\u00e7\u00e3o (MEC) disponibilize o cadastro e as notas relativas ao Enem 2011 at\u00e9 o dia 15 de janeiro de 2012. Caso contr\u00e1rio, as notas do Enem, de 2010 ou de 2011, n\u00e3o ser\u00e3o consideradas para nenhum candidato do vestibular.<\/p>\n<p>Isen\u00e7\u00e3o e Redu\u00e7\u00e3o da taxa de inscri\u00e7\u00e3o<\/p>\n<p>Os candidatos beneficiados com a isen\u00e7\u00e3o do pagamento da taxa de inscri\u00e7\u00e3o n\u00e3o s\u00e3o automaticamente inscritos no vestibular. \u00c9 preciso realizar a inscri\u00e7\u00e3o, no mesmo per\u00edodo dos demais candidatos, utilizando o c\u00f3digo espec\u00edfico de candidato isento, dispon\u00edvel na p\u00e1gina da Comvest. Os pedidos de isen\u00e7\u00e3o da taxa de inscri\u00e7\u00e3o do Vestibular Unicamp 2012 foram recebidos no m\u00eas de maio. Para o Vestibular Unicamp 2012, a Comvest beneficiou 4.741 candidatos com a isen\u00e7\u00e3o do pagamento da taxa de inscri\u00e7\u00e3o.<\/p>\n<p>No per\u00edodo de 23 de agosto (8 horas) a 26 de agosto (18 horas), a Comvest aceitar\u00e1 declara\u00e7\u00f5es de interesse de redu\u00e7\u00e3o parcial da taxa de inscri\u00e7\u00e3o (50%). Podem solicitar a redu\u00e7\u00e3o candidatos que cumulativamente preencham os seguintes requisitos: sejam estudantes regularmente matriculados em uma das s\u00e9ries do ensino fundamental ou m\u00e9dio ou curso pr\u00e9-vestibular ou curso superior (gradua\u00e7\u00e3o e p\u00f3s-gradua\u00e7\u00e3o); e estejam desempregados ou recebam menos de dois sal\u00e1rios m\u00ednimos por m\u00eas. Os estudantes que fizerem a declara\u00e7\u00e3o de interesse pela redu\u00e7\u00e3o parcial dever\u00e3o comparecer com a documenta\u00e7\u00e3o que comprove sua situa\u00e7\u00e3o (originais e c\u00f3pias), no Gin\u00e1sio Multidisciplinar da Unicamp, no dia 30 de agosto de 2011, das 9 \u00e0s 20 horas. A lista de documentos necess\u00e1rios para comprovar a condi\u00e7\u00e3o do estudante esta dispon\u00edvel no site da Comvest, que divulgar\u00e1 a lista de beneficiados com a redu\u00e7\u00e3o de 50% da taxa de inscri\u00e7\u00e3o no dia 2 de setembro.<\/p>\n<p>Da Unicamp<\/p>\n","protected":false},"excerpt":{"rendered":"<p>A Comiss\u00e3o Permanente para os Vestibulares da Unicamp (Comvest) abriu as inscri\u00e7\u00f5es para o Vestibular Nacional Unicamp 2012. As inscri\u00e7\u00f5es poder\u00e3o ser feitas at\u00e9 o dia 23 de setembro, exclusivamente pela internet, em formul\u00e1rio dispon\u00edvel no site da Comvest. O Vestibular Unicamp 2012 oferece 3.444 vagas em 66 cursos da Unicamp e dois cursos da [&hellip;]<\/p>\n","protected":false},"author":3,"featured_media":34770,"comment_status":"open","ping_status":"closed","sticky":false,"template":"","format":"standard","meta":{"tdm_status":"","tdm_grid_status":"","footnotes":""},"categories":[22,370,295],"tags":[],"class_list":{"0":"post-36309","1":"post","2":"type-post","3":"status-publish","4":"format-standard","5":"has-post-thumbnail","7":"category-brasil","8":"category-inscricao","9":"category-vestibular"},"_links":{"self":[{"href":"https:\/\/migracao.redenoticia.com.br\/noticia\/wp-json\/wp\/v2\/posts\/36309","targetHints":{"allow":["GET"]}}],"collection":[{"href":"https:\/\/migracao.redenoticia.com.br\/noticia\/wp-json\/wp\/v2\/posts"}],"about":[{"href":"https:\/\/migracao.redenoticia.com.br\/noticia\/wp-json\/wp\/v2\/types\/post"}],"author":[{"embeddable":true,"href":"https:\/\/migracao.redenoticia.com.br\/noticia\/wp-json\/wp\/v2\/users\/3"}],"replies":[{"embeddable":true,"href":"https:\/\/migracao.redenoticia.com.br\/noticia\/wp-json\/wp\/v2\/comments?post=36309"}],"version-history":[{"count":0,"href":"https:\/\/migracao.redenoticia.com.br\/noticia\/wp-json\/wp\/v2\/posts\/36309\/revisions"}],"wp:featuredmedia":[{"embeddable":true,"href":"https:\/\/migracao.redenoticia.com.br\/noticia\/wp-json\/wp\/v2\/media\/34770"}],"wp:attachment":[{"href":"https:\/\/migracao.redenoticia.com.br\/noticia\/wp-json\/wp\/v2\/media?parent=36309"}],"wp:term":[{"taxonomy":"category","embeddable":true,"href":"https:\/\/migracao.redenoticia.com.br\/noticia\/wp-json\/wp\/v2\/categories?post=36309"},{"taxonomy":"post_tag","embeddable":true,"href":"https:\/\/migracao.redenoticia.com.br\/noticia\/wp-json\/wp\/v2\/tags?post=36309"}],"curies":[{"name":"wp","href":"https:\/\/api.w.org\/{rel}","templated":true}]}}