{"id":36320,"date":"2011-08-24T13:47:06","date_gmt":"2011-08-24T17:47:06","guid":{"rendered":"http:\/\/www.redenoticia.com.br\/noticia\/?p=36320"},"modified":"2011-08-24T14:29:02","modified_gmt":"2011-08-24T18:29:02","slug":"fuvest-divulga-lista-de-aprovados-no-curso-de-etica-valores-e-cidadania-na-escola","status":"publish","type":"post","link":"https:\/\/migracao.redenoticia.com.br\/noticia\/2011\/fuvest-divulga-lista-de-aprovados-no-curso-de-etica-valores-e-cidadania-na-escola\/36320","title":{"rendered":"Fuvest divulga lista de aprovados no curso de \u00c9tica, Valores e Cidadania na Escola"},"content":{"rendered":"<h2><span class=\"Apple-style-span\" style=\"font-size: 13px; font-weight: normal;\"><img loading=\"lazy\" decoding=\"async\" class=\"alignleft size-full wp-image-34896\" title=\"vestibular\" src=\"https:\/\/migracao.redenoticia.com.br\/noticia\/imagens\/vestibular2.jpg\" alt=\"\" width=\"300\" height=\"193\" srcset=\"https:\/\/migracao.redenoticia.com.br\/noticia\/imagens\/vestibular2.jpg 300w, https:\/\/migracao.redenoticia.com.br\/noticia\/imagens\/vestibular2-250x160.jpg 250w, https:\/\/migracao.redenoticia.com.br\/noticia\/imagens\/vestibular2-150x96.jpg 150w\" sizes=\"auto, (max-width: 300px) 100vw, 300px\" \/>A <em><strong>Fuvest<\/strong><\/em> divulgou nesta ter\u00e7a-feira, 23, em seu site (<a href=\"http:\/\/www.fuvest.br\/\" target=\"_blank\">www.fuvest.br<\/a>) a primeira lista de <em><strong>convocados<\/strong><\/em> para o curso de especializa\u00e7\u00e3o em \u00c9tica, Valores e Cidadania na Escola. Os candidatos devem efetuar a matr\u00edcula entre esta quinta, 25, e sexta-feira, 26, na cidade escolhida no ato da inscri\u00e7\u00e3o para a realiza\u00e7\u00e3o das atividades presenciais.<\/span><\/h2>\n<p>No ato da matr\u00edcula \u00e9 exigida a apresenta\u00e7\u00e3o de 2 fotos 3&#215;4 recentes e de uma c\u00f3pia, acompanhada dos originais, e dos seguintes documentos: diploma de curso superior; tr\u00eas \u00faltimos demonstrativos de vencimentos ou atestado comprovando estar em efetivo exerc\u00edcio da fun\u00e7\u00e3o docente ou administrativa em escola de educa\u00e7\u00e3o infantil ou fundamental ou m\u00e9dia ou profissional no Estado de S\u00e3o Paulo; c\u00e9dula de identidade; certificado que comprove estar em dia com o servi\u00e7o militar &#8211; para o sexo masculino -; e comprovante de endere\u00e7o.<\/p>\n<p>A aus\u00eancia nas datas e hor\u00e1rios fixados para matr\u00edcula resultar\u00e1 na perda da vaga, ficando o candidato exclu\u00eddo de qualquer convoca\u00e7\u00e3o posterior. De 29 de agosto a 3 de setembro, far\u00e3o matr\u00edcula os interessados constantes de uma lista de espera nas vagas remanescentes da primeira chamada. As aulas come\u00e7am no dia 29 de agosto.<\/p>\n<p>Oferecido por meio de uma parceria entre o Programa Universidade Virtual do Estado de SP (Univesp) e a USP o curso \u00e9 direcionado a portadores de diploma do ensino superior que estejam exercendo as atividades de professor, coordenador pedag\u00f3gico, vice-diretor ou diretor de educa\u00e7\u00e3o infantil, de ensino fundamental, m\u00e9dio ou profissional.<\/p>\n<p>O curso \u00e9 gratuito, tem dura\u00e7\u00e3o de 18 meses e carga hor\u00e1ria de 480 horas. Assim como outros cursos do Programa Univesp, a configura\u00e7\u00e3o da especializa\u00e7\u00e3o em \u00c9tica, Valores e Cidadania na Escola \u00e9 semipresencial, com encontros semanais obrigat\u00f3rios de 4 horas\/aula. As demais atividades ser\u00e3o desenvolvidas por meio de ferramentas digitais\/virtuais que promovem ambientes colaborativos e cooperativos disponibilizados na internet, por meio de programas da Univesp TV e v\u00eddeo-aulas.<\/p>\n<p>Programa Univesp<\/p>\n<p>O Programa Universidade Virtual do Estado de S\u00e3o Paulo (Univesp) foi criado pelo decreto n\u00ba 53.536 de 9 de outubro de 2008 com o objetivo de ampliar o acesso \u00e0 educa\u00e7\u00e3o superior p\u00fablica. A estrutura consorciada da Univesp agrega a Universidade de S\u00e3o Paulo (USP), a Universidade Estadual Paulista (Unesp), a Universidade Estadual de Campinas (Unicamp), a Funda\u00e7\u00e3o Padre Anchieta e o Centro Paula Souza (CEETEPS).<\/p>\n<p>Os cursos oferecidos pela Univesp t\u00eam o seu projeto acad\u00eamico e seus conte\u00fados formulados pelas institui\u00e7\u00f5es de ensino que os prop\u00f5em. S\u00e3o elas tamb\u00e9m as respons\u00e1veis pelo processo de sele\u00e7\u00e3o para o ingresso dos alunos, bem como pela avalia\u00e7\u00e3o de seu desempenho nos cursos. \u00c0 Univesp cabe garantir as condi\u00e7\u00f5es materiais, financeiras e tecnol\u00f3gicas para a realiza\u00e7\u00e3o desses cursos, acompanhando, de modo integrado com a institui\u00e7\u00e3o parceira, a sua realiza\u00e7\u00e3o, o seu desenvolvimento e o aproveitamento dos alunos neles matriculados.<\/p>\n<p>J\u00e1 foram oferecidos, no \u00e2mbito do Programa Univesp, o curso de idiomas em ingl\u00eas e espanhol (CEETEPS), e est\u00e3o em andamento os cursos de licenciatura em Ci\u00eancias (USP), especializa\u00e7\u00e3o em \u00c9tica, Valores e Sa\u00fade na Escola (USP) e licenciatura em Pedagogia (UNESP).<\/p>\n<p>Da Secretaria de Desenvolvimento Econ\u00f4mico, Ci\u00eancia e Tecnologia<\/p>\n","protected":false},"excerpt":{"rendered":"<p>A Fuvest divulgou nesta ter\u00e7a-feira, 23, em seu site (www.fuvest.br) a primeira lista de convocados para o curso de especializa\u00e7\u00e3o em \u00c9tica, Valores e Cidadania na Escola. Os candidatos devem efetuar a matr\u00edcula entre esta quinta, 25, e sexta-feira, 26, na cidade escolhida no ato da inscri\u00e7\u00e3o para a realiza\u00e7\u00e3o das atividades presenciais. No ato [&hellip;]<\/p>\n","protected":false},"author":3,"featured_media":34896,"comment_status":"open","ping_status":"closed","sticky":false,"template":"","format":"standard","meta":{"tdm_status":"","tdm_grid_status":"","footnotes":""},"categories":[22,370,295],"tags":[],"class_list":{"0":"post-36320","1":"post","2":"type-post","3":"status-publish","4":"format-standard","5":"has-post-thumbnail","7":"category-brasil","8":"category-inscricao","9":"category-vestibular"},"_links":{"self":[{"href":"https:\/\/migracao.redenoticia.com.br\/noticia\/wp-json\/wp\/v2\/posts\/36320","targetHints":{"allow":["GET"]}}],"collection":[{"href":"https:\/\/migracao.redenoticia.com.br\/noticia\/wp-json\/wp\/v2\/posts"}],"about":[{"href":"https:\/\/migracao.redenoticia.com.br\/noticia\/wp-json\/wp\/v2\/types\/post"}],"author":[{"embeddable":true,"href":"https:\/\/migracao.redenoticia.com.br\/noticia\/wp-json\/wp\/v2\/users\/3"}],"replies":[{"embeddable":true,"href":"https:\/\/migracao.redenoticia.com.br\/noticia\/wp-json\/wp\/v2\/comments?post=36320"}],"version-history":[{"count":0,"href":"https:\/\/migracao.redenoticia.com.br\/noticia\/wp-json\/wp\/v2\/posts\/36320\/revisions"}],"wp:featuredmedia":[{"embeddable":true,"href":"https:\/\/migracao.redenoticia.com.br\/noticia\/wp-json\/wp\/v2\/media\/34896"}],"wp:attachment":[{"href":"https:\/\/migracao.redenoticia.com.br\/noticia\/wp-json\/wp\/v2\/media?parent=36320"}],"wp:term":[{"taxonomy":"category","embeddable":true,"href":"https:\/\/migracao.redenoticia.com.br\/noticia\/wp-json\/wp\/v2\/categories?post=36320"},{"taxonomy":"post_tag","embeddable":true,"href":"https:\/\/migracao.redenoticia.com.br\/noticia\/wp-json\/wp\/v2\/tags?post=36320"}],"curies":[{"name":"wp","href":"https:\/\/api.w.org\/{rel}","templated":true}]}}