{"id":36322,"date":"2011-08-24T14:33:50","date_gmt":"2011-08-24T18:33:50","guid":{"rendered":"http:\/\/www.redenoticia.com.br\/noticia\/?p=36322"},"modified":"2011-08-24T14:33:50","modified_gmt":"2011-08-24T18:33:50","slug":"miss-brasil-ja-esta-em-sao-paulo-para-o-miss-universo","status":"publish","type":"post","link":"https:\/\/migracao.redenoticia.com.br\/noticia\/2011\/miss-brasil-ja-esta-em-sao-paulo-para-o-miss-universo\/36322","title":{"rendered":"Miss Brasil j\u00e1 est\u00e1 em S\u00e3o Paulo para o Miss Universo"},"content":{"rendered":"<p><em><strong><img loading=\"lazy\" decoding=\"async\" class=\"alignleft size-full wp-image-35937\" title=\"miss-brasil-priscila-machado-rs-band-divulgacao-do-traje-tipico\" src=\"https:\/\/migracao.redenoticia.com.br\/noticia\/imagens\/miss-brasil-priscila-machado-rs-band-divulgacao-do-traje-tipico.jpg\" alt=\"\" width=\"300\" height=\"193\" srcset=\"https:\/\/migracao.redenoticia.com.br\/noticia\/imagens\/miss-brasil-priscila-machado-rs-band-divulgacao-do-traje-tipico.jpg 300w, https:\/\/migracao.redenoticia.com.br\/noticia\/imagens\/miss-brasil-priscila-machado-rs-band-divulgacao-do-traje-tipico-250x161.jpg 250w, https:\/\/migracao.redenoticia.com.br\/noticia\/imagens\/miss-brasil-priscila-machado-rs-band-divulgacao-do-traje-tipico-150x97.jpg 150w\" sizes=\"auto, (max-width: 300px) 100vw, 300px\" \/>Band<\/strong><\/em> &#8211; a\u00a0<em><strong>Miss Brasil<\/strong><\/em> 2011, <em><strong>Priscila Machado<\/strong><\/em>, j\u00e1 est\u00e1 em S\u00e3o Paulo para o <em><strong>Miss Universo<\/strong><\/em> 2011. A ga\u00facha Priscila Machado,\u00a0de 25 anos, chegou na tarde de domingo, 21 de agosto, \u00e0 capital paulista. Ela se hospedou num hotel de luxo na Zona Sul, onde v\u00e3o ficar todas as 89 candidatas do concurso.<\/p>\n<p>Al\u00e9m de Priscila, boa parte das candidatas tamb\u00e9m j\u00e1 chegou \u00e0 cidade. Nos pr\u00f3ximos dias, elas ficar\u00e3o reclusas no hotel, onde participam de sess\u00f5es de fotos e reuni\u00f5es. A partir de quinta-feira, 25 de agosto, as 89 candidatas ao t\u00edtulo de mulher mais bela do universo se dividem em in\u00fameros compromissos na Capital, como a\u00e7\u00f5es sociais, visitas a teatros, museus, escolas de samba e festas em badalados clubes noturnos.<\/p>\n<p>A Band transmite pela primeira vez o Miss Universo\u00ae 2011 diretamente de S\u00e3o Paulo, ao vivo, na noite do dia 12 de setembro. O concurso, exibido para todo o mundo, ter\u00e1 apresenta\u00e7\u00e3o no Brasil de Adriane Galisteu.<\/p>\n<p>Band &#8211; Miss Universo<\/p>\n","protected":false},"excerpt":{"rendered":"<p>Band &#8211; a\u00a0Miss Brasil 2011, Priscila Machado, j\u00e1 est\u00e1 em S\u00e3o Paulo para o Miss Universo 2011. A ga\u00facha Priscila Machado,\u00a0de 25 anos, chegou na tarde de domingo, 21 de agosto, \u00e0 capital paulista. Ela se hospedou num hotel de luxo na Zona Sul, onde v\u00e3o ficar todas as 89 candidatas do concurso. Al\u00e9m de [&hellip;]<\/p>\n","protected":false},"author":3,"featured_media":35937,"comment_status":"open","ping_status":"closed","sticky":false,"template":"","format":"standard","meta":{"tdm_status":"","tdm_grid_status":"","footnotes":""},"categories":[390,22,343],"tags":[],"class_list":{"0":"post-36322","1":"post","2":"type-post","3":"status-publish","4":"format-standard","5":"has-post-thumbnail","7":"category-band","8":"category-brasil","9":"category-televisao"},"_links":{"self":[{"href":"https:\/\/migracao.redenoticia.com.br\/noticia\/wp-json\/wp\/v2\/posts\/36322","targetHints":{"allow":["GET"]}}],"collection":[{"href":"https:\/\/migracao.redenoticia.com.br\/noticia\/wp-json\/wp\/v2\/posts"}],"about":[{"href":"https:\/\/migracao.redenoticia.com.br\/noticia\/wp-json\/wp\/v2\/types\/post"}],"author":[{"embeddable":true,"href":"https:\/\/migracao.redenoticia.com.br\/noticia\/wp-json\/wp\/v2\/users\/3"}],"replies":[{"embeddable":true,"href":"https:\/\/migracao.redenoticia.com.br\/noticia\/wp-json\/wp\/v2\/comments?post=36322"}],"version-history":[{"count":0,"href":"https:\/\/migracao.redenoticia.com.br\/noticia\/wp-json\/wp\/v2\/posts\/36322\/revisions"}],"wp:featuredmedia":[{"embeddable":true,"href":"https:\/\/migracao.redenoticia.com.br\/noticia\/wp-json\/wp\/v2\/media\/35937"}],"wp:attachment":[{"href":"https:\/\/migracao.redenoticia.com.br\/noticia\/wp-json\/wp\/v2\/media?parent=36322"}],"wp:term":[{"taxonomy":"category","embeddable":true,"href":"https:\/\/migracao.redenoticia.com.br\/noticia\/wp-json\/wp\/v2\/categories?post=36322"},{"taxonomy":"post_tag","embeddable":true,"href":"https:\/\/migracao.redenoticia.com.br\/noticia\/wp-json\/wp\/v2\/tags?post=36322"}],"curies":[{"name":"wp","href":"https:\/\/api.w.org\/{rel}","templated":true}]}}