{"id":3634,"date":"2009-06-24T19:18:39","date_gmt":"2009-06-24T23:18:39","guid":{"rendered":"http:\/\/www.redenoticia.com.br\/noticia\/?p=3627"},"modified":"2009-06-29T09:23:31","modified_gmt":"2009-06-29T13:23:31","slug":"facer-realiza-treinamento-sobre-convenio-para-associacoes-de-rondonia","status":"publish","type":"post","link":"https:\/\/migracao.redenoticia.com.br\/noticia\/2009\/facer-realiza-treinamento-sobre-convenio-para-associacoes-de-rondonia\/3634","title":{"rendered":"Facer realiza treinamento"},"content":{"rendered":"<p>De acordo com a coordenadora executiva da FACER, Leiri Bonet, essa parceria entre FACER e Unimed se estendendo \u00e0s associa\u00e7\u00f5es \u00e9 tratada com muita responsabilidade entre seus associados. \u201cContamos com uma equipe capacitada para prestar o melhor atendimento e acreditamos que essa parceria j\u00e1 destaca muito sucesso. O conv\u00eanio \u00e9 de conhecimento das 36 diretorias, que fazem parte da Federa\u00e7\u00e3o, e todas as informa\u00e7\u00f5es ser\u00e3o repassadas para seus associados e colaboradores\u201d, explicou a executiva.<\/p>\n<p>Para o consultor da Federa\u00e7\u00e3o, Osmar Vicentin, \u00e9 importante que as associa\u00e7\u00f5es cumpram o cronograma determinado e se organizem para o bom andamento do conv\u00eanio. \u201cDevemos estar atentos a todos os detalhes que envolvem o processo para assim fortalecer a parceria formada. O atendimento deve ser feito com todo cuidado\u201d, destacou.<\/p>\n<p>Na ocasi\u00e3o, a equipe da FACER foi apresentada aos colaboradores da Unimed que segundo o presidente do plano de sa\u00fade, Gilberto Domingues, trabalhar\u00e3o para atender as expectativas firmadas no conv\u00eanio. \u201cTemos muito interesse em consolidar ainda mais esta parceria. E estamos \u00e0 disposi\u00e7\u00e3o para atender a todos e suas necessidades\u201d, concluiu.<\/p>\n","protected":false},"excerpt":{"rendered":"<p>De acordo com a coordenadora executiva da FACER, Leiri Bonet, essa parceria entre FACER e Unimed se estendendo \u00e0s associa\u00e7\u00f5es \u00e9 tratada com muita responsabilidade entre seus associados. \u201cContamos com uma equipe capacitada para prestar o melhor atendimento e acreditamos que essa parceria j\u00e1 destaca muito sucesso. O conv\u00eanio \u00e9 de conhecimento das 36 diretorias, [&hellip;]<\/p>\n","protected":false},"author":3,"featured_media":0,"comment_status":"open","ping_status":"open","sticky":false,"template":"","format":"standard","meta":{"tdm_status":"","tdm_grid_status":"","footnotes":""},"categories":[22,7],"tags":[],"class_list":{"0":"post-3634","1":"post","2":"type-post","3":"status-publish","4":"format-standard","6":"category-brasil","7":"category-economia"},"_links":{"self":[{"href":"https:\/\/migracao.redenoticia.com.br\/noticia\/wp-json\/wp\/v2\/posts\/3634","targetHints":{"allow":["GET"]}}],"collection":[{"href":"https:\/\/migracao.redenoticia.com.br\/noticia\/wp-json\/wp\/v2\/posts"}],"about":[{"href":"https:\/\/migracao.redenoticia.com.br\/noticia\/wp-json\/wp\/v2\/types\/post"}],"author":[{"embeddable":true,"href":"https:\/\/migracao.redenoticia.com.br\/noticia\/wp-json\/wp\/v2\/users\/3"}],"replies":[{"embeddable":true,"href":"https:\/\/migracao.redenoticia.com.br\/noticia\/wp-json\/wp\/v2\/comments?post=3634"}],"version-history":[{"count":0,"href":"https:\/\/migracao.redenoticia.com.br\/noticia\/wp-json\/wp\/v2\/posts\/3634\/revisions"}],"wp:attachment":[{"href":"https:\/\/migracao.redenoticia.com.br\/noticia\/wp-json\/wp\/v2\/media?parent=3634"}],"wp:term":[{"taxonomy":"category","embeddable":true,"href":"https:\/\/migracao.redenoticia.com.br\/noticia\/wp-json\/wp\/v2\/categories?post=3634"},{"taxonomy":"post_tag","embeddable":true,"href":"https:\/\/migracao.redenoticia.com.br\/noticia\/wp-json\/wp\/v2\/tags?post=3634"}],"curies":[{"name":"wp","href":"https:\/\/api.w.org\/{rel}","templated":true}]}}