{"id":3635,"date":"2009-06-24T19:50:56","date_gmt":"2009-06-24T23:50:56","guid":{"rendered":"http:\/\/www.redenoticia.com.br\/noticia\/?p=3635"},"modified":"2009-06-24T19:50:56","modified_gmt":"2009-06-24T23:50:56","slug":"protesto-contra-fator-previdenciario-consegue-compromisso-de-temer-com-a-pl-012007","status":"publish","type":"post","link":"https:\/\/migracao.redenoticia.com.br\/noticia\/2009\/protesto-contra-fator-previdenciario-consegue-compromisso-de-temer-com-a-pl-012007\/3635","title":{"rendered":"Protesto contra fator previdenci\u00e1rio consegue compromisso de TEMER com a PL 01\/2007"},"content":{"rendered":"<p>N\u00e3o foi em v\u00e3o o sacrif\u00edcio de centenas de aposentados que acamparam na Esplanada dos Minist\u00e9rios, em Bras\u00edlia, para pressionar a C\u00e2mara a votar com urg\u00eancia o PL 01\/2007 (que concede um reajuste \u00fanico para todos no mesmo patamar do sal\u00e1rio m\u00ednimo). Os grupamentos liderados pela Confedera\u00e7\u00e3o Brasileira de Aposentados e pelas federa\u00e7\u00f5es filiadas retornaram para casa com a certeza do dever cumprido e com o compromisso refor\u00e7ado do presidente Michel Temer que o referido projeto seja incluso na pauta de vota\u00e7\u00f5es da pr\u00f3xima semana, provavelmente no dia 30 de junho (ter\u00e7a-feira).<\/p>\n<p>Esse grande avan\u00e7o nas negocia\u00e7\u00f5es se originou gra\u00e7as aos her\u00f3icos atos promovidos pelos aposentados. Abusando da criatividade, a COBAP produziu 513 fotos dos deputados federais, pregando-as em estacas de madeiras, que foram fincadas na Pra\u00e7a das Bandeiras, defronte o Congresso Nacional. Duas tendas, acopladas de banheiros qu\u00edmicos, tamb\u00e9m foram instaladas. Simultaneamente, panfletos e documentos foram entregues nos gabinetes dos l\u00edderes e demais parlamentares.\u00a0 Jornais, r\u00e1dios, sites, blogs e TVs de todo Brasil estamparam com destaque a coragem e ousadia dos aposentados, que serviu para sensibilizar a sociedade em defesa dos idosos que sobrevivem com sal\u00e1rios miser\u00e1veis.<\/p>\n<p>Ao cair da noite, velas foram acesas em cima das fotos de cada pol\u00edtico, como forma simb\u00f3lica de iluminar seus cora\u00e7\u00f5es em favor do segmento.<\/p>\n<p><strong>AUDI\u00caNCIA COM PRESIDENTE<\/strong><strong> <\/strong><\/p>\n<p>Visitando a trincheira da COBAP, o senador Paulo Paim e os deputados federais Cleber Verde, Arnaldo Faria de S\u00e1, Darc\u00edsio Perondi e Ac\u00e9lio Casagrande, foram pessoalmente saudar os aposentados pela coragem. De l\u00e1, uma comiss\u00e3o foi constitu\u00edda para ir at\u00e9 o gabinete da presid\u00eancia da C\u00e2mara. De forma respeitosa, Michel Temer recebeu os dirigentes e explicou que o PL 01 ainda n\u00e3o foi votado devido press\u00f5es dos l\u00edderes governistas. Pressionado, Temer foi sensibilizado a assumir novamente o compromisso p\u00fablico de colocar na pauta de vota\u00e7\u00f5es o projeto dos aposentados na semana que vem, doa a quem doer, mesmo que tenha que \u201cpeitar\u201d a base do governo.<\/p>\n<p>Revigorados com a promessa de Temer, a Confedera\u00e7\u00e3o n\u00e3o se deixou iludir, mantendo acampamento em alerta, com diversos aposentados dormindo em barracas enfrentando o frio e suas pr\u00f3prias limita\u00e7\u00f5es f\u00edsicas.<\/p>\n<p><strong>O PR\u00d3XIMO PASSO<\/strong><strong> <\/strong><\/p>\n<p>Na pr\u00f3xima ter\u00e7a-feira, 30 de junho, os l\u00edderes de cada partido estar\u00e3o novamente reunidos para delinear os assuntos a serem votados. A Confedera\u00e7\u00e3o Brasileira dos Aposentados vai manter vig\u00edlia permanente na C\u00e2mara, dando continuidade nas articula\u00e7\u00f5es e manifesta\u00e7\u00f5es.<\/p>\n<p>Por <strong>Richard Casal<\/strong><\/p>\n<p><strong><\/strong><a href=\"http:\/\/cobap.maquinaweb.com.br\/capa\/lenoticia.asp?ID=7192\">Fonte COBAP<\/a><\/p>\n","protected":false},"excerpt":{"rendered":"<p>N\u00e3o foi em v\u00e3o o sacrif\u00edcio de centenas de aposentados que acamparam na Esplanada dos Minist\u00e9rios, em Bras\u00edlia, para pressionar a C\u00e2mara a votar com urg\u00eancia o PL 01\/2007 (que concede um reajuste \u00fanico para todos no mesmo patamar do sal\u00e1rio m\u00ednimo). Os grupamentos liderados pela Confedera\u00e7\u00e3o Brasileira de Aposentados e pelas federa\u00e7\u00f5es filiadas retornaram [&hellip;]<\/p>\n","protected":false},"author":3,"featured_media":0,"comment_status":"open","ping_status":"open","sticky":false,"template":"","format":"standard","meta":{"tdm_status":"","tdm_grid_status":"","footnotes":""},"categories":[22,7],"tags":[],"class_list":{"0":"post-3635","1":"post","2":"type-post","3":"status-publish","4":"format-standard","6":"category-brasil","7":"category-economia"},"_links":{"self":[{"href":"https:\/\/migracao.redenoticia.com.br\/noticia\/wp-json\/wp\/v2\/posts\/3635","targetHints":{"allow":["GET"]}}],"collection":[{"href":"https:\/\/migracao.redenoticia.com.br\/noticia\/wp-json\/wp\/v2\/posts"}],"about":[{"href":"https:\/\/migracao.redenoticia.com.br\/noticia\/wp-json\/wp\/v2\/types\/post"}],"author":[{"embeddable":true,"href":"https:\/\/migracao.redenoticia.com.br\/noticia\/wp-json\/wp\/v2\/users\/3"}],"replies":[{"embeddable":true,"href":"https:\/\/migracao.redenoticia.com.br\/noticia\/wp-json\/wp\/v2\/comments?post=3635"}],"version-history":[{"count":0,"href":"https:\/\/migracao.redenoticia.com.br\/noticia\/wp-json\/wp\/v2\/posts\/3635\/revisions"}],"wp:attachment":[{"href":"https:\/\/migracao.redenoticia.com.br\/noticia\/wp-json\/wp\/v2\/media?parent=3635"}],"wp:term":[{"taxonomy":"category","embeddable":true,"href":"https:\/\/migracao.redenoticia.com.br\/noticia\/wp-json\/wp\/v2\/categories?post=3635"},{"taxonomy":"post_tag","embeddable":true,"href":"https:\/\/migracao.redenoticia.com.br\/noticia\/wp-json\/wp\/v2\/tags?post=3635"}],"curies":[{"name":"wp","href":"https:\/\/api.w.org\/{rel}","templated":true}]}}