{"id":36350,"date":"2011-08-26T10:54:34","date_gmt":"2011-08-26T14:54:34","guid":{"rendered":"http:\/\/www.redenoticia.com.br\/noticia\/?p=36350"},"modified":"2011-08-26T13:57:00","modified_gmt":"2011-08-26T17:57:00","slug":"brasil-sediara-novo-centro-binacional-de-nanotecnologia","status":"publish","type":"post","link":"https:\/\/migracao.redenoticia.com.br\/noticia\/2011\/brasil-sediara-novo-centro-binacional-de-nanotecnologia\/36350","title":{"rendered":"Brasil sediar\u00e1 novo centro binacional de nanotecnologia"},"content":{"rendered":"<p><img loading=\"lazy\" decoding=\"async\" class=\"alignleft size-full wp-image-36257\" title=\"tecnologia\" src=\"https:\/\/migracao.redenoticia.com.br\/noticia\/imagens\/tecnologia.jpg\" alt=\"\" width=\"300\" height=\"193\" srcset=\"https:\/\/migracao.redenoticia.com.br\/noticia\/imagens\/tecnologia.jpg 300w, https:\/\/migracao.redenoticia.com.br\/noticia\/imagens\/tecnologia-250x161.jpg 250w, https:\/\/migracao.redenoticia.com.br\/noticia\/imagens\/tecnologia-150x97.jpg 150w\" sizes=\"auto, (max-width: 300px) 100vw, 300px\" \/>Ag\u00eancia FAPESP \u2013 O governo brasileiro formalizou no dia 22 de agosto uma parceria com a China visando \u00e0 cria\u00e7\u00e3o de um centro binacional de <em><strong>nanotecnologia<\/strong><\/em>. O Centro Brasil-China de Nanotecnologia ter\u00e1 como foco o desenvolvimento de dispositivos e processos de uso civil em escala nanom\u00e9trica.<\/p>\n<p>Inicialmente, o novo \u00f3rg\u00e3o funcionar\u00e1 por meio de uma rede virtual de pesquisadores e interc\u00e2mbios entre os dois pa\u00edses.<\/p>\n<p>Com um or\u00e7amento inicial de US$ 3 milh\u00f5es \u2013 cerca de R$ 4,8 milh\u00f5es \u2013, o centro tem como membros a Academia Chinesa de Ci\u00eancias (do lado chin\u00eas), o Laborat\u00f3rio Nacional de Nanotecnologia (LNNano) \u2013 localizado em Campinas (SP) e que funcionar\u00e1 como centro de opera\u00e7\u00f5es e sede do \u00f3rg\u00e3o binacional \u2013, o Laborat\u00f3rio Nacional de Luz S\u00edncrotron (LNLS), o Instituto Nacional de Ci\u00eancia e Tecnologia do Carbono (INCT-Carbono) \u2013 sediado na Universidade Federal de Minas Gerais (UFMG) \u2013, e o Centro Brasileiro de Pesquisas F\u00edsicas (CBPF).<\/p>\n<p>Mais informa\u00e7\u00f5es: <a href=\"http:\/\/portal.cbpf.br\/\" target=\"_blank\">portal.cbpf.br<\/a><\/p>\n","protected":false},"excerpt":{"rendered":"<p>Ag\u00eancia FAPESP \u2013 O governo brasileiro formalizou no dia 22 de agosto uma parceria com a China visando \u00e0 cria\u00e7\u00e3o de um centro binacional de nanotecnologia. O Centro Brasil-China de Nanotecnologia ter\u00e1 como foco o desenvolvimento de dispositivos e processos de uso civil em escala nanom\u00e9trica. Inicialmente, o novo \u00f3rg\u00e3o funcionar\u00e1 por meio de uma [&hellip;]<\/p>\n","protected":false},"author":3,"featured_media":36257,"comment_status":"open","ping_status":"closed","sticky":false,"template":"","format":"standard","meta":{"tdm_status":"","tdm_grid_status":"","footnotes":""},"categories":[22],"tags":[],"class_list":{"0":"post-36350","1":"post","2":"type-post","3":"status-publish","4":"format-standard","5":"has-post-thumbnail","7":"category-brasil"},"_links":{"self":[{"href":"https:\/\/migracao.redenoticia.com.br\/noticia\/wp-json\/wp\/v2\/posts\/36350","targetHints":{"allow":["GET"]}}],"collection":[{"href":"https:\/\/migracao.redenoticia.com.br\/noticia\/wp-json\/wp\/v2\/posts"}],"about":[{"href":"https:\/\/migracao.redenoticia.com.br\/noticia\/wp-json\/wp\/v2\/types\/post"}],"author":[{"embeddable":true,"href":"https:\/\/migracao.redenoticia.com.br\/noticia\/wp-json\/wp\/v2\/users\/3"}],"replies":[{"embeddable":true,"href":"https:\/\/migracao.redenoticia.com.br\/noticia\/wp-json\/wp\/v2\/comments?post=36350"}],"version-history":[{"count":0,"href":"https:\/\/migracao.redenoticia.com.br\/noticia\/wp-json\/wp\/v2\/posts\/36350\/revisions"}],"wp:featuredmedia":[{"embeddable":true,"href":"https:\/\/migracao.redenoticia.com.br\/noticia\/wp-json\/wp\/v2\/media\/36257"}],"wp:attachment":[{"href":"https:\/\/migracao.redenoticia.com.br\/noticia\/wp-json\/wp\/v2\/media?parent=36350"}],"wp:term":[{"taxonomy":"category","embeddable":true,"href":"https:\/\/migracao.redenoticia.com.br\/noticia\/wp-json\/wp\/v2\/categories?post=36350"},{"taxonomy":"post_tag","embeddable":true,"href":"https:\/\/migracao.redenoticia.com.br\/noticia\/wp-json\/wp\/v2\/tags?post=36350"}],"curies":[{"name":"wp","href":"https:\/\/api.w.org\/{rel}","templated":true}]}}