{"id":3644,"date":"2009-06-24T22:37:22","date_gmt":"2009-06-25T02:37:22","guid":{"rendered":"http:\/\/www.redenoticia.com.br\/noticia\/?p=3644"},"modified":"2009-06-24T22:38:40","modified_gmt":"2009-06-25T02:38:40","slug":"boca-de-cinema-o-sonho-de-ser-sexy","status":"publish","type":"post","link":"https:\/\/migracao.redenoticia.com.br\/noticia\/2009\/boca-de-cinema-o-sonho-de-ser-sexy\/3644","title":{"rendered":"Boca de Cinema: O sonho de ser sexy"},"content":{"rendered":"<p><a href=\"https:\/\/migracao.redenoticia.com.br\/noticia\/imagens\/\/lips.jpg\"><img loading=\"lazy\" decoding=\"async\" class=\"alignleft size-full wp-image-3645\" title=\"lips\" src=\"https:\/\/migracao.redenoticia.com.br\/noticia\/imagens\/\/lips.jpg\" alt=\"lips\" width=\"240\" height=\"180\" \/><\/a>Ter os l\u00e1bios carnudos e volumosos \u00e9 o sonho de muitas mulheres. Atrizes famosas como Angelina Jolie, Sophia Loren e Aline Moraes s\u00e3o fontes de inspira\u00e7\u00e3o para quem n\u00e3o nasceu com a &#8221;boca desejada&#8221;.<\/p>\n<p>Ao longo dos anos, foram criados v\u00e1rios procedimentos para aumento labial, como: inje\u00e7\u00e3o de silicone &#8211; que pode ocasionar rejei\u00e7\u00e3o por ser material estranho ao organismo; subst\u00e2ncias injet\u00e1veis preenchedoras que tem efeito por tempo determinado e cirurgia pl\u00e1stica com incis\u00e3o na linha natural de contorno da boca, com possibilidade de cicatriz.<\/p>\n<p>Os riscos est\u00e9ticos foram e ainda s\u00e3o fatores decisivos para que muitas pessoas desistam da opera\u00e7\u00e3o.<\/p>\n<p>Autoridade mundial em cirurgia pl\u00e1stica facial e Otorrinolaringol\u00f3gica, o m\u00e9dico J\u00falio St\u00e9dile, desenvolveu h\u00e1 oito anos uma t\u00e9cnica revolucion\u00e1ria que permite aumentar o l\u00e1bio superior atrav\u00e9s da rinoplastia, sem incis\u00f5es externas, al\u00e9m de corrigir assimetrias na implanta\u00e7\u00e3o das narinas, conferindo um aspecto mais harmonioso ao rosto.<\/p>\n<p>H\u00e1 20 anos o especialista se dedica a revis\u00e3o cir\u00fargica de pacientes que j\u00e1 se submeteram a pl\u00e1stica nasal &#8211; hoje a terceira cirurgia mais realizada no Brasil, perdendo apenas para lipoaspira\u00e7\u00e3o e mamoplastia. Destes, um grande n\u00famero comentava que a parte superior da boca havia se tornado mais fina.<\/p>\n<p>Ap\u00f3s observa\u00e7\u00f5es e estudos, St\u00e9dile verificou que o afinamento era causado pelo aumento da dist\u00e2ncia entre a base nasal e o bordo superior do l\u00e1bio e pela invers\u00e3o do vermelh\u00e3o do l\u00e1bio superior, o que causava um aspecto mais fino e menos sensual.<\/p>\n<p>O indesejado efeito ocorria nos casos em que os m\u00fasculos que tem rela\u00e7\u00e3o entre o l\u00e1bio e o nariz eram lesionados durante a pl\u00e1stica nasal.<\/p>\n<p>Atrav\u00e9s da t\u00e9cnica criada por St\u00e9dile \u00e9 poss\u00edvel realizar uma rinoplastia que, al\u00e9m de evitar estas les\u00f5es \u00e0 musculatura da regi\u00e3o, reposiciona um grupo de inser\u00e7\u00f5es musculares na pr\u00e9-maxila e retira outro grupo muscular da base nasal.<\/p>\n<p>Desta forma, aumenta-se o vermelh\u00e3o do l\u00e1bio superior, conferindo um aspecto mais sensual a boca. &#8220;O interessante desta t\u00e9cnica \u00e9 que se consegue um aumento no volume do l\u00e1bio sem tocar no l\u00e1bio&#8221;, informa St\u00e9dile, que explica: &#8220;Ap\u00f3s as primeiras horas da realiza\u00e7\u00e3o do procedimento a paciente j\u00e1 pode comer e beber normalmente. Como n\u00e3o existem incis\u00f5es externas o per\u00edodo de recupera\u00e7\u00e3o p\u00f3s-operat\u00f3rio \u00e9 de, aproximadamente, uma semana com leve incha\u00e7o, acompanhando a recupera\u00e7\u00e3o da rinoplastia&#8221;.<\/p>\n<p>A defini\u00e7\u00e3o do arco de cupido (contorno superior do l\u00e1bio) tamb\u00e9m \u00e9 o ponto alto na utiliza\u00e7\u00e3o deste procedimento, uma vez que n\u00e3o \u00e9 poss\u00edvel alcan\u00e7ar esta defini\u00e7\u00e3o com a utiliza\u00e7\u00e3o de implantes e injet\u00e1veis. &#8220;N\u00e3o h\u00e1 o risco da rejei\u00e7\u00e3o e o efeito \u00e9 permanente, ao contr\u00e1rio de muitos produtos que vem sendo utilizados no mercado para aumentar os l\u00e1bios&#8221;.<\/p>\n<p>A t\u00e9cnica desenvolvida por St\u00e9dile j\u00e1 foi apresentada em in\u00fameros congressos nacionais e internacionais. Desde a sua cria\u00e7\u00e3o, j\u00e1 foi utilizada em mais de 500 pessoas com sucesso, despertando o interesse n\u00e3o s\u00f3 de novos pacientes, mas tamb\u00e9m da classe m\u00e9dica. &#8220;Recebo m\u00e9dicos de todas as partes do mundo, como Estados Unidos, It\u00e1lia, Espanha, M\u00e9xico, Chile, entre outros pa\u00edses. Eles t\u00eam um grande interesse em aprender o m\u00e9todo. Isso \u00e9 muito gratificante&#8221;.<\/p>\n<p>Luciane Rocha Martins<br \/>\nJornalista Respons\u00e1vel<\/p>\n","protected":false},"excerpt":{"rendered":"<p>Ter os l\u00e1bios carnudos e volumosos \u00e9 o sonho de muitas mulheres. Atrizes famosas como Angelina Jolie, Sophia Loren e Aline Moraes s\u00e3o fontes de inspira\u00e7\u00e3o para quem n\u00e3o nasceu com a &#8221;boca desejada&#8221;. Ao longo dos anos, foram criados v\u00e1rios procedimentos para aumento labial, como: inje\u00e7\u00e3o de silicone &#8211; que pode ocasionar rejei\u00e7\u00e3o por [&hellip;]<\/p>\n","protected":false},"author":3,"featured_media":0,"comment_status":"open","ping_status":"open","sticky":false,"template":"","format":"standard","meta":{"tdm_status":"","tdm_grid_status":"","footnotes":""},"categories":[5],"tags":[],"class_list":{"0":"post-3644","1":"post","2":"type-post","3":"status-publish","4":"format-standard","6":"category-saude-e-vida"},"_links":{"self":[{"href":"https:\/\/migracao.redenoticia.com.br\/noticia\/wp-json\/wp\/v2\/posts\/3644","targetHints":{"allow":["GET"]}}],"collection":[{"href":"https:\/\/migracao.redenoticia.com.br\/noticia\/wp-json\/wp\/v2\/posts"}],"about":[{"href":"https:\/\/migracao.redenoticia.com.br\/noticia\/wp-json\/wp\/v2\/types\/post"}],"author":[{"embeddable":true,"href":"https:\/\/migracao.redenoticia.com.br\/noticia\/wp-json\/wp\/v2\/users\/3"}],"replies":[{"embeddable":true,"href":"https:\/\/migracao.redenoticia.com.br\/noticia\/wp-json\/wp\/v2\/comments?post=3644"}],"version-history":[{"count":0,"href":"https:\/\/migracao.redenoticia.com.br\/noticia\/wp-json\/wp\/v2\/posts\/3644\/revisions"}],"wp:attachment":[{"href":"https:\/\/migracao.redenoticia.com.br\/noticia\/wp-json\/wp\/v2\/media?parent=3644"}],"wp:term":[{"taxonomy":"category","embeddable":true,"href":"https:\/\/migracao.redenoticia.com.br\/noticia\/wp-json\/wp\/v2\/categories?post=3644"},{"taxonomy":"post_tag","embeddable":true,"href":"https:\/\/migracao.redenoticia.com.br\/noticia\/wp-json\/wp\/v2\/tags?post=3644"}],"curies":[{"name":"wp","href":"https:\/\/api.w.org\/{rel}","templated":true}]}}