{"id":36470,"date":"2011-09-06T09:54:43","date_gmt":"2011-09-06T13:54:43","guid":{"rendered":"http:\/\/www.redenoticia.com.br\/noticia\/?p=36470"},"modified":"2011-09-06T09:54:43","modified_gmt":"2011-09-06T13:54:43","slug":"senadores-da-oposicao-criticam-ideia-do-pt-sobre-regulamentacao-da-midia","status":"publish","type":"post","link":"https:\/\/migracao.redenoticia.com.br\/noticia\/2011\/senadores-da-oposicao-criticam-ideia-do-pt-sobre-regulamentacao-da-midia\/36470","title":{"rendered":"Senadores da oposi\u00e7\u00e3o criticam ideia do PT sobre regulamenta\u00e7\u00e3o da m\u00eddia"},"content":{"rendered":"<p><img loading=\"lazy\" decoding=\"async\" class=\"alignleft size-full wp-image-36248\" title=\"aluno c\" src=\"https:\/\/migracao.redenoticia.com.br\/noticia\/imagens\/aluno-c.jpg\" alt=\"\" width=\"300\" height=\"193\" srcset=\"https:\/\/migracao.redenoticia.com.br\/noticia\/imagens\/aluno-c.jpg 300w, https:\/\/migracao.redenoticia.com.br\/noticia\/imagens\/aluno-c-250x161.jpg 250w, https:\/\/migracao.redenoticia.com.br\/noticia\/imagens\/aluno-c-150x97.jpg 150w\" sizes=\"auto, (max-width: 300px) 100vw, 300px\" \/>Bras\u00edlia &#8211; A ideia do PT de criar um <em><strong>marco regulat\u00f3rio para as comunica\u00e7\u00f5es<\/strong><\/em>, inclusive para m\u00eddia, n\u00e3o foi bem recebida pelos senadores de oposi\u00e7\u00e3o e os que se consideram independentes. Para eles, um marco regulat\u00f3rio pode levar a uma tentativa de controlar previamente conte\u00fados e censurar a imprensa. &#8220;Toda vez que algum malfeito petista aparece nas p\u00e1ginas dos jornais e das revistas, a c\u00fapula do PT se apressa em ressuscitar o chamado \u2018marco regulat\u00f3rio da m\u00eddia\u2019\u201d, disse o senador Jarbas Vasconcelos (PMDB-PE).<\/p>\n<p>O senador Pedro Taques (PDT-MT) declarou que a liberdade de imprensa \u00e9 um direito constitucional que n\u00e3o pode ser afrontado. \u201cMuitos entendem que a Constitui\u00e7\u00e3o valha menos do que estatuto de partido pol\u00edtico\u201d, declarou. \u201cHoje, fala-se em regulamenta\u00e7\u00e3o da imprensa, fala-se em regulamenta\u00e7\u00e3o da m\u00eddia, fala-se em viola\u00e7\u00e3o de direitos previstos na Constitui\u00e7\u00e3o. A cadeia da legalidade hoje significa um movimento de resist\u00eancia para que a Constitui\u00e7\u00e3o n\u00e3o seja violada e n\u00e3o seja descumprida\u201d, completou o senador do PDT.<\/p>\n<p>O l\u00edder do governo no Senado, Romero Juc\u00e1 (PMDB-RR), garantiu que a proposta divulgada na Resolu\u00e7\u00e3o Pol\u00edtica do PT, no \u00faltimo fim de semana, \u00e9 apenas uma posi\u00e7\u00e3o partid\u00e1ria. Segundo ele, o governo n\u00e3o tem a inten\u00e7\u00e3o de enviar nenhum projeto de lei sobre o assunto para o Congresso Nacional. O tema, de acordo com ele, sequer foi tratado na reuni\u00e3o de coordena\u00e7\u00e3o pol\u00edtica que ocorreu na manh\u00e3 de hoje (5) no Pal\u00e1cio do Planalto. \u201cN\u00e3o discutimos isso, o governo n\u00e3o tem projeto sobre isso. N\u00e3o vejo esse tema aqui como priorit\u00e1rio. Existem alguns projetos isolados, ma n\u00e3o essa regulamenta\u00e7\u00e3o macro do jeito que o PT defende\u201d, ressaltou o l\u00edder.<\/p>\n<p>Para o l\u00edder do PSDB, senador \u00c1lvaro Dias (PR), o PT quer passar por cima do Poder Judici\u00e1rio para condenar a m\u00eddia. \u201cA sigla que comanda o pa\u00eds nos \u00faltimos oito anos e j\u00e1 oito meses, al\u00e9m de esquecer que o seu principal l\u00edder reconheceu que s\u00f3 foi poss\u00edvel chegar ao poder gra\u00e7as ao apoio da m\u00eddia, n\u00e3o leva em conta que estamos num Estado Democr\u00e1tico de Direito e que o Poder Judici\u00e1rio mant\u00e9m ju\u00edzes a postos para responsabilizar eventuais excessos por parte daqueles que escrevem diariamente. Cabe \u00e0 Justi\u00e7a, e t\u00e3o somente a ela, o papel de arbitrar e de responsabilizar\u201d, disse Dias.<\/p>\n<p>Mariana Jungmann<br \/>\nRep\u00f3rter da Ag\u00eancia Brasil<br \/>\nEdi\u00e7\u00e3o: A\u00e9cio Amado<\/p>\n","protected":false},"excerpt":{"rendered":"<p>Bras\u00edlia &#8211; A ideia do PT de criar um marco regulat\u00f3rio para as comunica\u00e7\u00f5es, inclusive para m\u00eddia, n\u00e3o foi bem recebida pelos senadores de oposi\u00e7\u00e3o e os que se consideram independentes. Para eles, um marco regulat\u00f3rio pode levar a uma tentativa de controlar previamente conte\u00fados e censurar a imprensa. &#8220;Toda vez que algum malfeito petista [&hellip;]<\/p>\n","protected":false},"author":3,"featured_media":36248,"comment_status":"open","ping_status":"closed","sticky":false,"template":"","format":"standard","meta":{"tdm_status":"","tdm_grid_status":"","footnotes":""},"categories":[22],"tags":[],"class_list":{"0":"post-36470","1":"post","2":"type-post","3":"status-publish","4":"format-standard","5":"has-post-thumbnail","7":"category-brasil"},"_links":{"self":[{"href":"https:\/\/migracao.redenoticia.com.br\/noticia\/wp-json\/wp\/v2\/posts\/36470","targetHints":{"allow":["GET"]}}],"collection":[{"href":"https:\/\/migracao.redenoticia.com.br\/noticia\/wp-json\/wp\/v2\/posts"}],"about":[{"href":"https:\/\/migracao.redenoticia.com.br\/noticia\/wp-json\/wp\/v2\/types\/post"}],"author":[{"embeddable":true,"href":"https:\/\/migracao.redenoticia.com.br\/noticia\/wp-json\/wp\/v2\/users\/3"}],"replies":[{"embeddable":true,"href":"https:\/\/migracao.redenoticia.com.br\/noticia\/wp-json\/wp\/v2\/comments?post=36470"}],"version-history":[{"count":0,"href":"https:\/\/migracao.redenoticia.com.br\/noticia\/wp-json\/wp\/v2\/posts\/36470\/revisions"}],"wp:featuredmedia":[{"embeddable":true,"href":"https:\/\/migracao.redenoticia.com.br\/noticia\/wp-json\/wp\/v2\/media\/36248"}],"wp:attachment":[{"href":"https:\/\/migracao.redenoticia.com.br\/noticia\/wp-json\/wp\/v2\/media?parent=36470"}],"wp:term":[{"taxonomy":"category","embeddable":true,"href":"https:\/\/migracao.redenoticia.com.br\/noticia\/wp-json\/wp\/v2\/categories?post=36470"},{"taxonomy":"post_tag","embeddable":true,"href":"https:\/\/migracao.redenoticia.com.br\/noticia\/wp-json\/wp\/v2\/tags?post=36470"}],"curies":[{"name":"wp","href":"https:\/\/api.w.org\/{rel}","templated":true}]}}