{"id":36493,"date":"2011-09-08T11:49:01","date_gmt":"2011-09-08T15:49:01","guid":{"rendered":"http:\/\/www.redenoticia.com.br\/noticia\/?p=36493"},"modified":"2011-09-08T11:49:01","modified_gmt":"2011-09-08T15:49:01","slug":"alunos-de-escolas-rurais-receberao-novo-material-de-ensino","status":"publish","type":"post","link":"https:\/\/migracao.redenoticia.com.br\/noticia\/2011\/alunos-de-escolas-rurais-receberao-novo-material-de-ensino\/36493","title":{"rendered":"Alunos de escolas rurais receber\u00e3o novo material de ensino"},"content":{"rendered":"<div>\n<h2><span class=\"Apple-style-span\" style=\"font-size: 13px; font-weight: normal;\"><img loading=\"lazy\" decoding=\"async\" class=\"alignleft size-full wp-image-35036\" title=\"aluno curso estudante\" src=\"https:\/\/migracao.redenoticia.com.br\/noticia\/imagens\/aluno-curso-estudante.jpg\" alt=\"\" width=\"300\" height=\"193\" srcset=\"https:\/\/migracao.redenoticia.com.br\/noticia\/imagens\/aluno-curso-estudante.jpg 300w, https:\/\/migracao.redenoticia.com.br\/noticia\/imagens\/aluno-curso-estudante-250x160.jpg 250w, https:\/\/migracao.redenoticia.com.br\/noticia\/imagens\/aluno-curso-estudante-150x96.jpg 150w\" sizes=\"auto, (max-width: 300px) 100vw, 300px\" \/>A partir de 2013, os estudantes do primeiro ao quinto ano do ensino fundamental de <em><strong>escolas p\u00fablicas da \u00e1rea rural<\/strong><\/em>, seriadas e multisseriadas, receber\u00e3o livros did\u00e1ticos espec\u00edficos. As obras ser\u00e3o selecionadas dentro do Programa Nacional do Livro Did\u00e1tico do Campo (<em><strong>PNLD Campo<\/strong><\/em>) e v\u00e3o substituir os cadernos de ensino e aprendizagem e outros materiais impressos usados hoje nas salas de aula.<\/span><\/h2>\n<\/div>\n<div>De acordo com a Resolu\u00e7\u00e3o n\u00ba 40\/2011, cabe ao Fundo Nacional de Desenvolvimento da Educa\u00e7\u00e3o (FNDE) e \u00e0 Secretaria de Educa\u00e7\u00e3o Continuada, Alfabetiza\u00e7\u00e3o, Diversidade e Inclus\u00e3o (Secadi) elaborar os editais de convoca\u00e7\u00e3o, avalia\u00e7\u00e3o e sele\u00e7\u00e3o dos livros.<\/p>\n<p>As obras do PNLD Campo compreendem a alfabetiza\u00e7\u00e3o matem\u00e1tica, letramento e alfabetiza\u00e7\u00e3o, l\u00edngua portuguesa, matem\u00e1tica, ci\u00eancias, hist\u00f3ria e geografia, integradas em cole\u00e7\u00f5es multisseriadas ou seriadas, disciplinares, interdisciplinares ou por \u00e1rea do conhecimento.<\/p>\n<p>Os livros ser\u00e3o dos estudantes e professores, sem necessidade de devolu\u00e7\u00e3o ao final do ano letivo. A distribui\u00e7\u00e3o integral das obras ser\u00e1 feita a cada tr\u00eas anos e nos anos seguintes o FNDE far\u00e1 reposi\u00e7\u00e3o para atender as novas matr\u00edculas. Os dicion\u00e1rios e obras complementares para as escolas rurais continuar\u00e3o sendo fornecidos pelo PNLD, como ocorre atualmente.<\/p>\n<p>A quantidade de livros a serem enviados para as escolas rurais depende do n\u00famero de matr\u00edculas registradas no censo escolar, que \u00e9 realizado a cada ano pelo Instituto Nacional de Estudos e Pesquisas Educacionais (Inep). Conforme o calend\u00e1rio que acompanha a resolu\u00e7\u00e3o, em 2013 o PNLD Campo far\u00e1 distribui\u00e7\u00e3o integral dos livros did\u00e1ticos; em 2014 e 2015, far\u00e1 complementa\u00e7\u00e3o para cobertura das matr\u00edculas adicionais.<\/p>\n<p>Ionice Lorenzoni<\/p>\n<p><a href=\"http:\/\/www.fnde.gov.br\/index.php\/ph-arquivos\/category\/5-2011?download=328%3Aresolucao-no-40-de-2672011\" target=\"_blank\">Confira<\/a> a Resolu\u00e7\u00e3o n\u00ba 40\/2011 sobre o PNLD Campo.<\/div>\n","protected":false},"excerpt":{"rendered":"<p>A partir de 2013, os estudantes do primeiro ao quinto ano do ensino fundamental de escolas p\u00fablicas da \u00e1rea rural, seriadas e multisseriadas, receber\u00e3o livros did\u00e1ticos espec\u00edficos. As obras ser\u00e3o selecionadas dentro do Programa Nacional do Livro Did\u00e1tico do Campo (PNLD Campo) e v\u00e3o substituir os cadernos de ensino e aprendizagem e outros materiais impressos [&hellip;]<\/p>\n","protected":false},"author":3,"featured_media":35036,"comment_status":"open","ping_status":"closed","sticky":false,"template":"","format":"standard","meta":{"tdm_status":"","tdm_grid_status":"","footnotes":""},"categories":[22],"tags":[],"class_list":{"0":"post-36493","1":"post","2":"type-post","3":"status-publish","4":"format-standard","5":"has-post-thumbnail","7":"category-brasil"},"_links":{"self":[{"href":"https:\/\/migracao.redenoticia.com.br\/noticia\/wp-json\/wp\/v2\/posts\/36493","targetHints":{"allow":["GET"]}}],"collection":[{"href":"https:\/\/migracao.redenoticia.com.br\/noticia\/wp-json\/wp\/v2\/posts"}],"about":[{"href":"https:\/\/migracao.redenoticia.com.br\/noticia\/wp-json\/wp\/v2\/types\/post"}],"author":[{"embeddable":true,"href":"https:\/\/migracao.redenoticia.com.br\/noticia\/wp-json\/wp\/v2\/users\/3"}],"replies":[{"embeddable":true,"href":"https:\/\/migracao.redenoticia.com.br\/noticia\/wp-json\/wp\/v2\/comments?post=36493"}],"version-history":[{"count":0,"href":"https:\/\/migracao.redenoticia.com.br\/noticia\/wp-json\/wp\/v2\/posts\/36493\/revisions"}],"wp:featuredmedia":[{"embeddable":true,"href":"https:\/\/migracao.redenoticia.com.br\/noticia\/wp-json\/wp\/v2\/media\/35036"}],"wp:attachment":[{"href":"https:\/\/migracao.redenoticia.com.br\/noticia\/wp-json\/wp\/v2\/media?parent=36493"}],"wp:term":[{"taxonomy":"category","embeddable":true,"href":"https:\/\/migracao.redenoticia.com.br\/noticia\/wp-json\/wp\/v2\/categories?post=36493"},{"taxonomy":"post_tag","embeddable":true,"href":"https:\/\/migracao.redenoticia.com.br\/noticia\/wp-json\/wp\/v2\/tags?post=36493"}],"curies":[{"name":"wp","href":"https:\/\/api.w.org\/{rel}","templated":true}]}}