{"id":36495,"date":"2011-09-08T11:54:54","date_gmt":"2011-09-08T15:54:54","guid":{"rendered":"http:\/\/www.redenoticia.com.br\/noticia\/?p=36495"},"modified":"2011-09-10T18:40:15","modified_gmt":"2011-09-10T22:40:15","slug":"fatec-abre-inscricoes-para-isencao-e-reducao-da-taxa-do-vestibular","status":"publish","type":"post","link":"https:\/\/migracao.redenoticia.com.br\/noticia\/2011\/fatec-abre-inscricoes-para-isencao-e-reducao-da-taxa-do-vestibular\/36495","title":{"rendered":"Fatec abre inscri\u00e7\u00f5es para isen\u00e7\u00e3o e redu\u00e7\u00e3o da taxa do vestibular"},"content":{"rendered":"<h2><span class=\"Apple-style-span\" style=\"font-size: 13px; font-weight: normal;\"><img loading=\"lazy\" decoding=\"async\" class=\"alignleft size-full wp-image-28951\" title=\"concurso inscricao vagas ate\" src=\"https:\/\/migracao.redenoticia.com.br\/noticia\/imagens\/concurso-inscricao-vagas-ate.jpg\" alt=\"\" width=\"300\" height=\"193\" srcset=\"https:\/\/migracao.redenoticia.com.br\/noticia\/imagens\/concurso-inscricao-vagas-ate.jpg 300w, https:\/\/migracao.redenoticia.com.br\/noticia\/imagens\/concurso-inscricao-vagas-ate-250x160.jpg 250w, https:\/\/migracao.redenoticia.com.br\/noticia\/imagens\/concurso-inscricao-vagas-ate-150x96.jpg 150w\" sizes=\"auto, (max-width: 300px) 100vw, 300px\" \/>Come\u00e7am nesta quinta-feira, 8, as <em><strong>inscri\u00e7\u00f5es<\/strong><\/em> para isen\u00e7\u00e3o total e redu\u00e7\u00e3o de 50% da taxa de inscri\u00e7\u00e3o para o Vestibular das Faculdades de Tecnologia (<em><strong>Fatecs<\/strong><\/em>) do Estado de S\u00e3o Paulo para o 1\u00ba semestre de 2012. Ser\u00e3o oferecidas seis mil isen\u00e7\u00f5es. Os candidatos podem pleitear os dois benef\u00edcios, desde que atendam aos requisitos determinados para esta finalidade. Neste caso, devem efetuar duas inscri\u00e7\u00f5es.<\/span><\/h2>\n<p>O per\u00edodo de inscri\u00e7\u00e3o vai at\u00e9 19 de setembro. No \u00faltimo dia, o prazo termina \u00e0s 15h. Os interessados dever\u00e3o preencher o formul\u00e1rio espec\u00edfico dispon\u00edvel no <a href=\"http:\/\/www.vestibularfatec.com.br\/\" target=\"_blank\">site da Fatec<\/a>. Ap\u00f3s o preenchimento do formul\u00e1rio, \u00e9 preciso guardar o n\u00famero do protocolo.<\/p>\n<p>De 8 a 19 de setembro, das 13h \u00e0s 19h (somente nos dias \u00fateis), o candidato dever\u00e1 entregar os documentos comprobat\u00f3rios, relacionados abaixo, em um envelope lacrado, na secretaria da Fatec em que pretende estudar.<\/p>\n<p>No momento da entrega do envelope &#8211; no qual deve constar o n\u00famero do protocolo -, o candidato precisa preencher, assinar e entregar o requerimento de solicita\u00e7\u00e3o de isen\u00e7\u00e3o\/redu\u00e7\u00e3o da taxa, que ser\u00e1 fornecido pela secretaria da Fatec e tamb\u00e9m estar\u00e1 dispon\u00edvel no <a href=\"http:\/\/www.vestibularfatec.com.br\/\">site<\/a>. A resposta \u00e0 solicita\u00e7\u00e3o ser\u00e1 divulgada no dia 3 de outubro, somente pela internet.<\/p>\n<p>Requisitos para isen\u00e7\u00e3o<\/p>\n<p>O candidato precisa ter conclu\u00eddo, ou estar concluindo em 2011, o Ensino M\u00e9dio ou a Educa\u00e7\u00e3o de Jovens e Adultos &#8211; EJA (supletivo) em escolas da rede p\u00fablica (municipal, estadual ou federal) ou em institui\u00e7\u00e3o particular com concess\u00e3o de bolsa de estudo integral. Al\u00e9m disso, \u00e9 necess\u00e1rio ter renda familiar bruta mensal m\u00e1xima de R$ 545 (por pessoa). Se o candidato for independente, sua renda bruta m\u00e1xima dever\u00e1 ser nesse mesmo valor. O candidato tamb\u00e9m deve residir no Estado de S\u00e3o Paulo.<\/p>\n<p>Documentos necess\u00e1rios<\/p>\n<p>A &#8211; c\u00f3pia simples do hist\u00f3rico escolar ou de declara\u00e7\u00e3o escolar da institui\u00e7\u00e3o de ensino, comprovando que cursou integralmente o Ensino M\u00e9dio em escolas da rede p\u00fablica. Em caso de ter cursado o Ensino M\u00e9dio, parcial ou integralmente, em rede particular, com bolsa de estudo integral, \u00e9 necess\u00e1rio anexar o documento da escola que comprove a situa\u00e7\u00e3o, identificando o per\u00edodo em que se deu a concess\u00e3o. O candidato que cursou o equivalente ao Ensino M\u00e9dio no exterior, totalmente ou em parte, deve apresentar parecer de equival\u00eancia de estudos, emitido pela Secretaria Estadual de Educa\u00e7\u00e3o. Os documentos de l\u00edngua estrangeira devem estar visados pela autoridade consular brasileira no pa\u00eds de origem e acompanhados da respectiva tradu\u00e7\u00e3o oficial.<\/p>\n<p>B &#8211; C\u00f3pia simples do comprovante de rendimento de todos os integrantes que comp\u00f5em a renda familiar bruta mensal que residam no mesmo endere\u00e7o do candidato. Os trabalhadores do com\u00e9rcio informal devem fazer uma declara\u00e7\u00e3o por escrito, especificando seu rendimento mensal, com assinatura de duas testemunhas que n\u00e3o sejam parentes do candidato ou de quem se est\u00e1 comprovando a renda, com RG e endere\u00e7o. O candidato que estiver desempregado deve declarar por escrito essa condi\u00e7\u00e3o, conforme modelo dispon\u00edvel no site, ou anexar xeroc\u00f3pia das folhas de rosto da carteira profissional e da rescis\u00e3o de contrato ou similar.<\/p>\n<p>C &#8211; C\u00f3pia simples de comprovante de resid\u00eancia recente ou declara\u00e7\u00e3o por escrito da condi\u00e7\u00e3o de moradia.<\/p>\n<p>Requisitos para redu\u00e7\u00e3o da taxa<\/p>\n<p>\u00c9 preciso ser estudante regularmente matriculado na 3\u00aa s\u00e9rie do Ensino M\u00e9dio, em curso pr\u00e9-vestibular ou em curso superior de gradua\u00e7\u00e3o ou de p\u00f3s-gradua\u00e7\u00e3o. O interessado deve, tamb\u00e9m, ter uma remunera\u00e7\u00e3o mensal inferior a dois sal\u00e1rios m\u00ednimos (R$ 1.090) ou estar desempregado.<\/p>\n<p>Documentos necess\u00e1rios<\/p>\n<p>A &#8211; Certid\u00e3o ou declara\u00e7\u00e3o expedida por institui\u00e7\u00e3o de ensino, em papel timbrado, assinada e com carimbo do respons\u00e1vel, que comprove sua condi\u00e7\u00e3o estudantil.<\/p>\n<p>B &#8211; C\u00f3pia simples do comprovante do rendimento: contracheque (recibo, holerite, etc de algum m\u00eas de 2011). Os profissionais liberais ou aut\u00f4nomos devem apresentar c\u00f3pia do \u00faltimo carn\u00ea de pagamento de autonomia ou declara\u00e7\u00e3o comprobat\u00f3ria de renda ou outros documentos que demonstrem o rendimento e o tipo de atividade exercida. Quem estiver desempregado deve declarar sua condi\u00e7\u00e3o por escrito, conforme modelo no <a href=\"http:\/\/www.vestibularfatec.com.br\/\">site da Fatec<\/a>, ou anexar xeroc\u00f3pia das folhas de rosto da carteira profissional e da rescis\u00e3o de contrato ou similar.<\/p>\n<p>Inscri\u00e7\u00f5es para o Vestibular &#8211; 1\u00ba semestre de 2012<\/p>\n<p>Entre os dias 3 de outubro e 8 de novembro, o candidato que receber um dos benef\u00edcios deve fazer sua inscri\u00e7\u00e3o para o processo seletivo em um \u00fanico curso de gradua\u00e7\u00e3o na Fatec de sua escolha. A inscri\u00e7\u00e3o ser\u00e1, exclusivamente pela internet, no <a href=\"http:\/\/%20www.vestibularfatec.com.br\/\">site da Fatec<\/a>. O Manual do Candidato tamb\u00e9m estar\u00e1 dispon\u00edvel neste site. O valor da taxa de inscri\u00e7\u00e3o para o Vestibular \u00e9 R$ 70.<\/p>\n<p>Outras informa\u00e7\u00f5es pelos telefones (11) 3471-4103 (Capital e Grande S\u00e3o Paulo) e 0800-596 9696 (demais localidades) ou pelo <a href=\"http:\/\/www.vestibularfatec.com.br\/\">site da Fatec<\/a>.<\/p>\n<p>Do Centro Paula Souza<\/p>\n","protected":false},"excerpt":{"rendered":"<p>Come\u00e7am nesta quinta-feira, 8, as inscri\u00e7\u00f5es para isen\u00e7\u00e3o total e redu\u00e7\u00e3o de 50% da taxa de inscri\u00e7\u00e3o para o Vestibular das Faculdades de Tecnologia (Fatecs) do Estado de S\u00e3o Paulo para o 1\u00ba semestre de 2012. Ser\u00e3o oferecidas seis mil isen\u00e7\u00f5es. Os candidatos podem pleitear os dois benef\u00edcios, desde que atendam aos requisitos determinados para [&hellip;]<\/p>\n","protected":false},"author":3,"featured_media":28951,"comment_status":"open","ping_status":"closed","sticky":false,"template":"","format":"standard","meta":{"tdm_status":"","tdm_grid_status":"","footnotes":""},"categories":[22,370,295],"tags":[],"class_list":{"0":"post-36495","1":"post","2":"type-post","3":"status-publish","4":"format-standard","5":"has-post-thumbnail","7":"category-brasil","8":"category-inscricao","9":"category-vestibular"},"_links":{"self":[{"href":"https:\/\/migracao.redenoticia.com.br\/noticia\/wp-json\/wp\/v2\/posts\/36495","targetHints":{"allow":["GET"]}}],"collection":[{"href":"https:\/\/migracao.redenoticia.com.br\/noticia\/wp-json\/wp\/v2\/posts"}],"about":[{"href":"https:\/\/migracao.redenoticia.com.br\/noticia\/wp-json\/wp\/v2\/types\/post"}],"author":[{"embeddable":true,"href":"https:\/\/migracao.redenoticia.com.br\/noticia\/wp-json\/wp\/v2\/users\/3"}],"replies":[{"embeddable":true,"href":"https:\/\/migracao.redenoticia.com.br\/noticia\/wp-json\/wp\/v2\/comments?post=36495"}],"version-history":[{"count":0,"href":"https:\/\/migracao.redenoticia.com.br\/noticia\/wp-json\/wp\/v2\/posts\/36495\/revisions"}],"wp:featuredmedia":[{"embeddable":true,"href":"https:\/\/migracao.redenoticia.com.br\/noticia\/wp-json\/wp\/v2\/media\/28951"}],"wp:attachment":[{"href":"https:\/\/migracao.redenoticia.com.br\/noticia\/wp-json\/wp\/v2\/media?parent=36495"}],"wp:term":[{"taxonomy":"category","embeddable":true,"href":"https:\/\/migracao.redenoticia.com.br\/noticia\/wp-json\/wp\/v2\/categories?post=36495"},{"taxonomy":"post_tag","embeddable":true,"href":"https:\/\/migracao.redenoticia.com.br\/noticia\/wp-json\/wp\/v2\/tags?post=36495"}],"curies":[{"name":"wp","href":"https:\/\/api.w.org\/{rel}","templated":true}]}}