{"id":3652,"date":"2009-06-24T22:44:05","date_gmt":"2009-06-25T02:44:05","guid":{"rendered":"http:\/\/www.redenoticia.com.br\/noticia\/?p=3652"},"modified":"2009-06-24T22:44:05","modified_gmt":"2009-06-25T02:44:05","slug":"vereador-manifesta-na-tribuna-suas-preocupacoes-com-ji-parana","status":"publish","type":"post","link":"https:\/\/migracao.redenoticia.com.br\/noticia\/2009\/vereador-manifesta-na-tribuna-suas-preocupacoes-com-ji-parana\/3652","title":{"rendered":"Vereador manifesta na tribuna suas preocupa\u00e7\u00f5es com Ji-Paran\u00e1"},"content":{"rendered":"<p>O vereador Marcos Rog\u00e9rio (PDT), na \u00faltima sess\u00e3o da C\u00e2mara Municipal, cobrou do Governo do Estado a recupera\u00e7\u00e3o do RO 135, conhecida como Estrada de Nova Londrina, que teve o asfalto desgastado ap\u00f3s o fechamento de uma das pistas sobre a ponte do Rio Machado, em Ji-Paran\u00e1.<\/p>\n<p>Marcos Rog\u00e9rio lembrou que a rodovia n\u00e3o faz parte de tarefas de vereador, mas \u00e9 preciso estar atento as necessidades da popula\u00e7\u00e3o usu\u00e1ria do trecho. \u201cA popula\u00e7\u00e3o tem pedido provid\u00eancias para o recapeamento da estrada, j\u00e1 que est\u00e1 danificada devido ao trafego constante\u201d, disse.<\/p>\n<p>O vereador enfatizou que enviar\u00e1 Oficio ao Departamento de Via\u00e7\u00e3o e Obras P\u00fablicas do Estado de Rond\u00f4nia e ao Governo de Estado, solicitando a recupera\u00e7\u00e3o do asfalto do trecho de Nova Londrina at\u00e9 a BR 429. \u201cA estrada \u00e9 importante para o povo local, sendo via de acesso a Ji-Paran\u00e1\u201d, ressaltou.<\/p>\n<p>O parlamentar usou a tribuna tamb\u00e9m para elogiar o Secret\u00e1rio de Obras, Assis Canuto, pelo trabalho que est\u00e1 sendo realizado no Travess\u00e3o da 2\u00aa Linha da Gleba G, no Setor de Nova Londrina. \u201cEstive por l\u00e1, e comprovei o trabalho. Na linha est\u00e1 feito patrolamento e encascalhamento. Essa linha \u00e9 muito importante para o escoamento de produ\u00e7\u00e3o no munic\u00edpio\u201d, comentou Marcos.<\/p>\n<p>Marcos manifestou ainda preocupa\u00e7\u00e3o com a paralisa\u00e7\u00e3o da Obra da ponte sobre o Rio Machado, sendo que ningu\u00e9m foi informado o porqu\u00ea dessa atitude por parte da empresa respons\u00e1vel pelo trabalho. Segundo o vereador, foi informado de que os repasses da prefeitura n\u00e3o confere com o andamento da obra. \u201cSe h\u00e1 algo errado, digam onde est\u00e1 o erro e por que est\u00e1 errado? Qual \u00e9 a solu\u00e7\u00e3o do problema?\u201d, questionou.<\/p>\n","protected":false},"excerpt":{"rendered":"<p>O vereador Marcos Rog\u00e9rio (PDT), na \u00faltima sess\u00e3o da C\u00e2mara Municipal, cobrou do Governo do Estado a recupera\u00e7\u00e3o do RO 135, conhecida como Estrada de Nova Londrina, que teve o asfalto desgastado ap\u00f3s o fechamento de uma das pistas sobre a ponte do Rio Machado, em Ji-Paran\u00e1. Marcos Rog\u00e9rio lembrou que a rodovia n\u00e3o faz [&hellip;]<\/p>\n","protected":false},"author":3,"featured_media":0,"comment_status":"open","ping_status":"open","sticky":false,"template":"","format":"standard","meta":{"tdm_status":"","tdm_grid_status":"","footnotes":""},"categories":[22],"tags":[],"class_list":{"0":"post-3652","1":"post","2":"type-post","3":"status-publish","4":"format-standard","6":"category-brasil"},"_links":{"self":[{"href":"https:\/\/migracao.redenoticia.com.br\/noticia\/wp-json\/wp\/v2\/posts\/3652","targetHints":{"allow":["GET"]}}],"collection":[{"href":"https:\/\/migracao.redenoticia.com.br\/noticia\/wp-json\/wp\/v2\/posts"}],"about":[{"href":"https:\/\/migracao.redenoticia.com.br\/noticia\/wp-json\/wp\/v2\/types\/post"}],"author":[{"embeddable":true,"href":"https:\/\/migracao.redenoticia.com.br\/noticia\/wp-json\/wp\/v2\/users\/3"}],"replies":[{"embeddable":true,"href":"https:\/\/migracao.redenoticia.com.br\/noticia\/wp-json\/wp\/v2\/comments?post=3652"}],"version-history":[{"count":0,"href":"https:\/\/migracao.redenoticia.com.br\/noticia\/wp-json\/wp\/v2\/posts\/3652\/revisions"}],"wp:attachment":[{"href":"https:\/\/migracao.redenoticia.com.br\/noticia\/wp-json\/wp\/v2\/media?parent=3652"}],"wp:term":[{"taxonomy":"category","embeddable":true,"href":"https:\/\/migracao.redenoticia.com.br\/noticia\/wp-json\/wp\/v2\/categories?post=3652"},{"taxonomy":"post_tag","embeddable":true,"href":"https:\/\/migracao.redenoticia.com.br\/noticia\/wp-json\/wp\/v2\/tags?post=3652"}],"curies":[{"name":"wp","href":"https:\/\/api.w.org\/{rel}","templated":true}]}}