{"id":3653,"date":"2009-06-24T22:44:13","date_gmt":"2009-06-25T02:44:13","guid":{"rendered":"http:\/\/www.redenoticia.com.br\/noticia\/?p=3653"},"modified":"2009-06-24T22:44:13","modified_gmt":"2009-06-25T02:44:13","slug":"programacao-das-palestras-tecnicas-na-30%c2%b0-expojipa","status":"publish","type":"post","link":"https:\/\/migracao.redenoticia.com.br\/noticia\/2009\/programacao-das-palestras-tecnicas-na-30%c2%b0-expojipa\/3653","title":{"rendered":"Programa\u00e7\u00e3o das palestras t\u00e9cnicas na 30\u00b0 Expojipa"},"content":{"rendered":"<p><span style=\"font-size: 11.0pt; font-family: &quot;Arial&quot;,&quot;sans-serif&quot;; color: black;\">A organiza\u00e7\u00e3o da 30\u00aa Exposi\u00e7\u00e3o Agropecu\u00e1ria, Industrial e Comercial de Ji-Paran\u00e1, ( EXPOJIPA) estar\u00e1 promovendo em parceria com algumas empresas, seis palestras gratuitas voltadas para o homem do campo. \u201cO nosso maior prop\u00f3sito \u00e9 incentivar o agroneg\u00f3cio levando gratuitamente conhecimento ao homem do campo. Por isso, todos os anos trazemos palestrantes ilustres para discutir com a nossa gente assuntos relevantes da agropecu\u00e1ria\u201d afirmou o presidente da Associa\u00e7\u00e3o Rural de Rond\u00f4nia,(ARR), Coriolano Nogueira Franco, o \u201cCuri\u00f3\u201d.<\/span><\/p>\n<p><span style=\"font-size: 11.0pt; font-family: &quot;Arial&quot;,&quot;sans-serif&quot;; color: black;\"> Os interessados em participar da palestra, podem se inscrever gratuitamente momentos antes do evento. <\/span><\/p>\n<p><span style=\"font-size: 11.0pt; font-family: &quot;Arial&quot;,&quot;sans-serif&quot;; color: black;\"> <strong>Confira a agenda de palestras:<span> <\/span><\/strong> <\/span><\/p>\n<p><strong><span style=\"font-size: 11.0pt; font-family: &quot;Arial&quot;,&quot;sans-serif&quot;; color: black;\">07 de julho \u2013 ( ter\u00e7a-feira )<\/span><\/strong><\/p>\n<p><span style=\"font-size: 11.0pt; font-family: &quot;Arial&quot;,&quot;sans-serif&quot;; color: black;\">9h &#8211; Palestra: \u201c Conjuntura Atual e Desafios para o Pecuarista<span> <\/span><strong>\u201d<\/strong><span> <\/span>&#8211; com Maur\u00edcio Palma Nogueira, diretor executivo da Bigma Consultoria. Mauricio \u00e9 engenheiro agr\u00f4nomo pela ESALQ\/USP. Local:\u00a0 Thatersal de Leil\u00f5es. Realiza\u00e7\u00e3o: Salmax. <\/span><\/p>\n<p><span style=\"font-size: 11.0pt; font-family: &quot;Arial&quot;,&quot;sans-serif&quot;; color: black;\">10h e 30min. \u2013 Palestra: \u201c Uso do confinamento na termina\u00e7\u00e3o dos bovinos de corte\u201d &#8211; com Marcelo Manela &#8211;\u00a0 Doutor em Ci\u00eancia animal.\u00a0 Local:\u00a0 Thatersal de Leil\u00f5es . Realiza\u00e7\u00e3o: Salmax. <\/span><\/p>\n<p><span style=\"font-size: 11.0pt; font-family: &quot;Arial&quot;,&quot;sans-serif&quot;; color: black;\">11h e 30min. \u2013 Palestra: \u201cAvan\u00e7os na suplementa\u00e7\u00e3o prot\u00e9ica dos bovinos a corte\u201d &#8211; com Wolney Alvim Pereira Junior \u2013 Zootecnista \/P\u00f3s Graduado e \u00a0Especialista em Nutri\u00e7\u00e3o e Produ\u00e7\u00e3o de Ruminantes, Gerente T\u00e9cnico-Industrial \u00a0da SALMAX. Local: Thatersal de Leil\u00f5es\u00a0 &#8211; Realiza\u00e7\u00e3o: Salmax.<br \/>\n<\/span><\/p>\n<p><strong><span style=\"font-size: 11.0pt; font-family: &quot;Arial&quot;,&quot;sans-serif&quot;; color: black;\">08 de julho &#8211; ( quarta-feira )<\/span><\/strong><\/p>\n<p><span style=\"font-size: 11.0pt; font-family: &quot;Arial&quot;,&quot;sans-serif&quot;; color: black;\">9h \u2013 Palestra: \u201c Manejo Sanit\u00e1rio e Controle das Doen\u00e7as Reprodutivas\u201d\u00a0 &#8211; com Dr.Luiz Paulo Vilasboas. Local: Thatersal de Leil\u00f5es. Realiza\u00e7\u00e3o: Implemaq<br \/>\n<\/span><\/p>\n<p><strong><span style=\"font-size: 11.0pt; font-family: &quot;Arial&quot;,&quot;sans-serif&quot;; color: black;\">10 de julho &#8211; ( sexta-feira )<\/span><\/strong><\/p>\n<p><span style=\"font-size: 11.0pt; font-family: &quot;Arial&quot;,&quot;sans-serif&quot;; color: black;\">9h e 30min. Palestra: \u201c Produ\u00e7\u00e3o de Leite com Qualidade\u201d &#8211; com Guilherme Nunes- EMBRAPA- Juiz de Fora \u2013 MG. Local: Sallon Country. Realiza\u00e7\u00e3o: SEBRAE. <\/span><\/p>\n<p><span style=\"font-size: 11.0pt; font-family: &quot;Arial&quot;,&quot;sans-serif&quot;; color: black;\">11h \u2013 Palestra: \u201cViabilidade Econ\u00f4mica da Pecu\u00e1ria Leiteira no Estado de Rond\u00f4nia\u201d . com Guilherme Nunes- EMBRAPA- Juiz de Fora \u2013 MG. Local: Sallon Country. Realiza\u00e7\u00e3o: SEBRAE.<span> <\/span> <\/span><\/p>\n","protected":false},"excerpt":{"rendered":"<p>A organiza\u00e7\u00e3o da 30\u00aa Exposi\u00e7\u00e3o Agropecu\u00e1ria, Industrial e Comercial de Ji-Paran\u00e1, ( EXPOJIPA) estar\u00e1 promovendo em parceria com algumas empresas, seis palestras gratuitas voltadas para o homem do campo. \u201cO nosso maior prop\u00f3sito \u00e9 incentivar o agroneg\u00f3cio levando gratuitamente conhecimento ao homem do campo. Por isso, todos os anos trazemos palestrantes ilustres para discutir com [&hellip;]<\/p>\n","protected":false},"author":2,"featured_media":0,"comment_status":"open","ping_status":"open","sticky":false,"template":"","format":"standard","meta":{"tdm_status":"","tdm_grid_status":"","footnotes":""},"categories":[7],"tags":[],"class_list":{"0":"post-3653","1":"post","2":"type-post","3":"status-publish","4":"format-standard","6":"category-economia"},"_links":{"self":[{"href":"https:\/\/migracao.redenoticia.com.br\/noticia\/wp-json\/wp\/v2\/posts\/3653","targetHints":{"allow":["GET"]}}],"collection":[{"href":"https:\/\/migracao.redenoticia.com.br\/noticia\/wp-json\/wp\/v2\/posts"}],"about":[{"href":"https:\/\/migracao.redenoticia.com.br\/noticia\/wp-json\/wp\/v2\/types\/post"}],"author":[{"embeddable":true,"href":"https:\/\/migracao.redenoticia.com.br\/noticia\/wp-json\/wp\/v2\/users\/2"}],"replies":[{"embeddable":true,"href":"https:\/\/migracao.redenoticia.com.br\/noticia\/wp-json\/wp\/v2\/comments?post=3653"}],"version-history":[{"count":0,"href":"https:\/\/migracao.redenoticia.com.br\/noticia\/wp-json\/wp\/v2\/posts\/3653\/revisions"}],"wp:attachment":[{"href":"https:\/\/migracao.redenoticia.com.br\/noticia\/wp-json\/wp\/v2\/media?parent=3653"}],"wp:term":[{"taxonomy":"category","embeddable":true,"href":"https:\/\/migracao.redenoticia.com.br\/noticia\/wp-json\/wp\/v2\/categories?post=3653"},{"taxonomy":"post_tag","embeddable":true,"href":"https:\/\/migracao.redenoticia.com.br\/noticia\/wp-json\/wp\/v2\/tags?post=3653"}],"curies":[{"name":"wp","href":"https:\/\/api.w.org\/{rel}","templated":true}]}}