{"id":36568,"date":"2011-09-15T17:19:37","date_gmt":"2011-09-15T21:19:37","guid":{"rendered":"http:\/\/www.redenoticia.com.br\/noticia\/?p=36568"},"modified":"2011-09-15T17:19:37","modified_gmt":"2011-09-15T21:19:37","slug":"moda-para-quem-esta-acima-do-peso","status":"publish","type":"post","link":"https:\/\/migracao.redenoticia.com.br\/noticia\/2011\/moda-para-quem-esta-acima-do-peso\/36568","title":{"rendered":"Moda para quem est\u00e1 acima do peso"},"content":{"rendered":"<p><img loading=\"lazy\" decoding=\"async\" class=\"alignleft size-full wp-image-36569\" title=\"moda egg\" src=\"https:\/\/migracao.redenoticia.com.br\/noticia\/imagens\/moda-egg.jpg\" alt=\"\" width=\"300\" height=\"193\" srcset=\"https:\/\/migracao.redenoticia.com.br\/noticia\/imagens\/moda-egg.jpg 300w, https:\/\/migracao.redenoticia.com.br\/noticia\/imagens\/moda-egg-250x161.jpg 250w, https:\/\/migracao.redenoticia.com.br\/noticia\/imagens\/moda-egg-150x97.jpg 150w\" sizes=\"auto, (max-width: 300px) 100vw, 300px\" \/>Em qualquer esta\u00e7\u00e3o o ideal \u00e9 apostar em pe\u00e7as-chave.\u00a0A cada troca de esta\u00e7\u00e3o as <em><strong>gordinhas<\/strong><\/em> caem no dilema de n\u00e3o conseguir encontrar as <em><strong>roupas ideais<\/strong><\/em> para valorizar o corpo. Isso porque no ver\u00e3o fica dif\u00edcil parecer mais magra com tudo \u00e0 mostra e no inverno as roupas pesadas d\u00e3o a sensa\u00e7\u00e3o de aumentar o volume.<\/p>\n<p>Para valorizar o corpo, a consultora de imagem Joseanna Fagundes diz que o importante \u00e9 apostar em pe\u00e7as-chave que permitam o maior n\u00famero de combina\u00e7\u00f5es poss\u00edveis. \u201cCamisas brancas ou jeans n\u00e3o marcam as gordurinhas, j\u00e1 as blusas com decote em V valorizam o decote e alongam o pesco\u00e7o\u201d, explica Joseanna.<\/p>\n<p>Muitas gordinhas gostam de usar vestidos por ser uma pe\u00e7a \u00fanica, solta e que n\u00e3o aperta. Nesse caso o indicado \u00e9 vestido envelope. \u201cValoriza o colo e ao amarrar na cintura deixa o corpo mais delineado. \u00c9 uma pe\u00e7a chave, pois voc\u00ea poder\u00e1 us\u00e1-lo em qualquer ambiente, que certamente estar\u00e1 bem vestida\u201d, afirma a consultora de imagem.<\/p>\n<p>Na hora de usar cal\u00e7a, o melhor \u00e9 escolher modelagens retas e com um pouco de elastano para facilitar os movimentos. \u201c\u00c9 importante ressaltar que as cal\u00e7as devem cobrir os tornozelos. As cal\u00e7as mais curtas te deixar\u00e3o mais baixinha. Ao inv\u00e9s das cal\u00e7as capri, cigarrete, prefira bermudas. Nesse caso o ideal s\u00e3o bermudas em tons escuros\u201d, aconselha a consultora.<\/p>\n<p>Os acess\u00f3rios tamb\u00e9m n\u00e3o podem ser esquecidos. Brincos, maquiagem, len\u00e7os e \u00f3culos de sol s\u00e3o pe\u00e7as que valorizam o rosto. Outro acess\u00f3rio que faz com que as roupas vistam melhores \u00e9 a cinta modeladora. \u201cEla deixa o corpo mais firme, delineado e ajuda a deixar uma postura mais elegante. \u00c9 uma \u00f3tima alternativa se quiser usar uma roupa clara sem marcar as gordurinhas\u201d, conclui Joseanna.<\/p>\n<p>Cr\u00e9dito Imagem SXC<\/p>\n","protected":false},"excerpt":{"rendered":"<p>Em qualquer esta\u00e7\u00e3o o ideal \u00e9 apostar em pe\u00e7as-chave.\u00a0A cada troca de esta\u00e7\u00e3o as gordinhas caem no dilema de n\u00e3o conseguir encontrar as roupas ideais para valorizar o corpo. Isso porque no ver\u00e3o fica dif\u00edcil parecer mais magra com tudo \u00e0 mostra e no inverno as roupas pesadas d\u00e3o a sensa\u00e7\u00e3o de aumentar o volume. [&hellip;]<\/p>\n","protected":false},"author":3,"featured_media":36569,"comment_status":"open","ping_status":"closed","sticky":false,"template":"","format":"standard","meta":{"tdm_status":"","tdm_grid_status":"","footnotes":""},"categories":[22],"tags":[],"class_list":{"0":"post-36568","1":"post","2":"type-post","3":"status-publish","4":"format-standard","5":"has-post-thumbnail","7":"category-brasil"},"_links":{"self":[{"href":"https:\/\/migracao.redenoticia.com.br\/noticia\/wp-json\/wp\/v2\/posts\/36568","targetHints":{"allow":["GET"]}}],"collection":[{"href":"https:\/\/migracao.redenoticia.com.br\/noticia\/wp-json\/wp\/v2\/posts"}],"about":[{"href":"https:\/\/migracao.redenoticia.com.br\/noticia\/wp-json\/wp\/v2\/types\/post"}],"author":[{"embeddable":true,"href":"https:\/\/migracao.redenoticia.com.br\/noticia\/wp-json\/wp\/v2\/users\/3"}],"replies":[{"embeddable":true,"href":"https:\/\/migracao.redenoticia.com.br\/noticia\/wp-json\/wp\/v2\/comments?post=36568"}],"version-history":[{"count":0,"href":"https:\/\/migracao.redenoticia.com.br\/noticia\/wp-json\/wp\/v2\/posts\/36568\/revisions"}],"wp:featuredmedia":[{"embeddable":true,"href":"https:\/\/migracao.redenoticia.com.br\/noticia\/wp-json\/wp\/v2\/media\/36569"}],"wp:attachment":[{"href":"https:\/\/migracao.redenoticia.com.br\/noticia\/wp-json\/wp\/v2\/media?parent=36568"}],"wp:term":[{"taxonomy":"category","embeddable":true,"href":"https:\/\/migracao.redenoticia.com.br\/noticia\/wp-json\/wp\/v2\/categories?post=36568"},{"taxonomy":"post_tag","embeddable":true,"href":"https:\/\/migracao.redenoticia.com.br\/noticia\/wp-json\/wp\/v2\/tags?post=36568"}],"curies":[{"name":"wp","href":"https:\/\/api.w.org\/{rel}","templated":true}]}}