{"id":3672,"date":"2009-06-25T08:43:18","date_gmt":"2009-06-25T12:43:18","guid":{"rendered":"http:\/\/www.redenoticia.com.br\/noticia\/?p=3672"},"modified":"2009-06-25T17:32:36","modified_gmt":"2009-06-25T21:32:36","slug":"trip-comemora-a-chegada-dos-jatos-embraer-175","status":"publish","type":"post","link":"https:\/\/migracao.redenoticia.com.br\/noticia\/2009\/trip-comemora-a-chegada-dos-jatos-embraer-175\/3672","title":{"rendered":"TRIP comemora a chegada dos jatos EMBRAER 175"},"content":{"rendered":"<p><a href=\"https:\/\/migracao.redenoticia.com.br\/noticia\/imagens\/\/trip.jpg\"><img loading=\"lazy\" decoding=\"async\" class=\"alignleft size-full wp-image-3786\" title=\"trip\" src=\"https:\/\/migracao.redenoticia.com.br\/noticia\/imagens\/\/trip.jpg\" alt=\"trip\" width=\"150\" height=\"113\" \/><\/a>Novas aeronaves operam a partir do aeroporto Santos Dumont (RJ), com liga\u00e7\u00f5es para cidades em todas as regi\u00f5es do Pa\u00eds<\/p>\n<p>A TRIP Linhas A\u00e9reas incorpora tr\u00eas novas aeronaves \u00e0 sua frota, aumentando em 35% a oferta de assentos. Os novos jatos EMBRAER 175 entram em opera\u00e7\u00e3o este m\u00eas e inauguram as novas rotas que interligam o Rio de Janeiro (aeroporto Santos Dumont) a 42 munic\u00edpios em todo o Brasil, sendo 13 destinos diretos. Nestas opera\u00e7\u00f5es, a empresa combina jatos e turbo-h\u00e9lices para diversas cidades, trabalhando de forma eficiente as liga\u00e7\u00f5es regionais, conforme a densidade de tr\u00e1fego e dist\u00e2ncia entre cada destino. A TRIP \u00e9 hoje a maior empresa a\u00e9rea regional da Am\u00e9rica do Sul, controlada pelos grupos Caprioli e \u00c1guia Branca e que tem como investidor a SkyWest Inc., maior empresa a\u00e9rea regional do mundo.<\/p>\n<p>A aquisi\u00e7\u00e3o dos jatos E175 faz parte da meta da TRIP de ampliar, modernizar a frota e expandir a malha a\u00e9rea. A companhia conta hoje com 25 aeronaves e passa a operar em 73 cidades, o que representa a malha com maior distribui\u00e7\u00e3o no Brasil. Os reflexos dessa movimenta\u00e7\u00e3o podem ser acompanhados pelo n\u00famero de passageiros transportados, bem como nos investimentos e resultados financeiros em 2008. A TRIP tem como meta encerrar 2009 com uma frota de 30 avi\u00f5es, o que permite ampliar sua cobertura, com capacidade para voar em 80 cidades.<\/p>\n<p>&#8220;Iniciamos nossas opera\u00e7\u00f5es no mercado regional h\u00e1 onze anos com um avi\u00e3o EMBRAER 120 usado, com capacidade para 30 passageiros, e v\u00edamos a produ\u00e7\u00e3o moderna como um sonho distante. Hoje, somos l\u00edderes no mercado regional e, com a aquisi\u00e7\u00e3o dos jatos da EMBRAER, nossa grande parceira nesta trajet\u00f3ria, nos tornamos a companhia a\u00e9rea regional que mais investe no Brasil&#8221;, afirma Jos\u00e9 M\u00e1rio Caprioli, presidente da TRIP. De acordo com o executivo, a soma de investimentos em tecnologia aliada a um time de profissionais parceiros em toda esta trajet\u00f3ria, faz a diferen\u00e7a.<\/p>\n<p>Os jatos EMBRAER 175 da TRIP s\u00e3o configurados em classe \u00fanica. A dist\u00e2ncia entre os assentos (pitch, em ingl\u00eas) de 79 cm (31 polegadas) oferece aos 86 passageiros grande conforto para percorrer at\u00e9 3.704 km (2.000 milhas n\u00e1uticas) sem escalas.<\/p>\n<p>Resultados 2008<\/p>\n<p>A TRIP encerrou o ano de 2008 com um faturamento bruto de R$ 322 milh\u00f5es, o que representa um crescimento de 275% comparado ao ano anterior, quando acumulou R$ 117 milh\u00f5es em sua opera\u00e7\u00e3o.<\/p>\n<p>O destaque da companhia durante o per\u00edodo \u00e9 seu EBITDA (lucros que precedem juros, impostos, deprecia\u00e7\u00e3o e amortiza\u00e7\u00e3o) que registrou um volume de R$ 40,9 milh\u00f5es e margem de 13,2%. Este resultado posiciona a TRIP entre as empresas a\u00e9reas com maior margem em capacidade de gera\u00e7\u00e3o de caixa de 2008, fruto de um modelo de gest\u00e3o focado em rentabilidade do neg\u00f3cio. Com a expans\u00e3o acelerada a empresa prev\u00ea para o ano de 2009 um faturamento de cerca de R$ 550 milh\u00f5es.<\/p>\n<p>Toda a trajet\u00f3ria da TRIP \u00e9 marcada por sua solidez financeira. H\u00e1 cinco anos, a empresa aumenta seu faturamento em m\u00e9dia de 70% ao ano, resultado de uma gest\u00e3o s\u00f3lida sobre um modelo de neg\u00f3cios baseado em uma espiral de fatores, como moderniza\u00e7\u00e3o da frota, administra\u00e7\u00e3o enxuta, maior n\u00famero de passageiros e melhores pre\u00e7os. Com um Conselho de Administra\u00e7\u00e3o composto por 8 membros, a TRIP \u00e9 uma companhia \u00e1rea regional que atua com base no sistema de Governan\u00e7a Corporativa, e este ano solicitou o processo de abertura de capital na CVM (Comiss\u00e3o de Valores Mobili\u00e1rios).<\/p>\n<p>Sobre a TRIP Linhas A\u00e9reas (www.voetrip.com.br)<\/p>\n<p>Com mais de 10 anos de atividade no Brasil, a TRIP \u00e9 hoje a maior companhia a\u00e9rea regional do Pa\u00eds e tamb\u00e9m da Am\u00e9rica do Sul por atender o maior n\u00famero de cidades e contar com a maior frota de aeronaves regionais. \u00c9 controlada pelos Grupos Caprioli e \u00c1guia Branca, ambos com tradi\u00e7\u00e3o em transporte de passageiros e um hist\u00f3rico de resultados s\u00f3lidos e crescimento sustentado.<\/p>\n<p>Hoje a TRIP tem como um de seus investidores a norte americana Skywest Inc., maior empresa de transporte a\u00e9reo regional do mundo, com 450 aeronaves, que adquiriu 20% de participa\u00e7\u00e3o no capital da companhia.<\/p>\n","protected":false},"excerpt":{"rendered":"<p>Novas aeronaves operam a partir do aeroporto Santos Dumont (RJ), com liga\u00e7\u00f5es para cidades em todas as regi\u00f5es do Pa\u00eds A TRIP Linhas A\u00e9reas incorpora tr\u00eas novas aeronaves \u00e0 sua frota, aumentando em 35% a oferta de assentos. Os novos jatos EMBRAER 175 entram em opera\u00e7\u00e3o este m\u00eas e inauguram as novas rotas que interligam [&hellip;]<\/p>\n","protected":false},"author":3,"featured_media":0,"comment_status":"open","ping_status":"open","sticky":false,"template":"","format":"standard","meta":{"tdm_status":"","tdm_grid_status":"","footnotes":""},"categories":[22],"tags":[],"class_list":{"0":"post-3672","1":"post","2":"type-post","3":"status-publish","4":"format-standard","6":"category-brasil"},"_links":{"self":[{"href":"https:\/\/migracao.redenoticia.com.br\/noticia\/wp-json\/wp\/v2\/posts\/3672","targetHints":{"allow":["GET"]}}],"collection":[{"href":"https:\/\/migracao.redenoticia.com.br\/noticia\/wp-json\/wp\/v2\/posts"}],"about":[{"href":"https:\/\/migracao.redenoticia.com.br\/noticia\/wp-json\/wp\/v2\/types\/post"}],"author":[{"embeddable":true,"href":"https:\/\/migracao.redenoticia.com.br\/noticia\/wp-json\/wp\/v2\/users\/3"}],"replies":[{"embeddable":true,"href":"https:\/\/migracao.redenoticia.com.br\/noticia\/wp-json\/wp\/v2\/comments?post=3672"}],"version-history":[{"count":0,"href":"https:\/\/migracao.redenoticia.com.br\/noticia\/wp-json\/wp\/v2\/posts\/3672\/revisions"}],"wp:attachment":[{"href":"https:\/\/migracao.redenoticia.com.br\/noticia\/wp-json\/wp\/v2\/media?parent=3672"}],"wp:term":[{"taxonomy":"category","embeddable":true,"href":"https:\/\/migracao.redenoticia.com.br\/noticia\/wp-json\/wp\/v2\/categories?post=3672"},{"taxonomy":"post_tag","embeddable":true,"href":"https:\/\/migracao.redenoticia.com.br\/noticia\/wp-json\/wp\/v2\/tags?post=3672"}],"curies":[{"name":"wp","href":"https:\/\/api.w.org\/{rel}","templated":true}]}}