{"id":3674,"date":"2009-06-25T08:44:08","date_gmt":"2009-06-25T12:44:08","guid":{"rendered":"http:\/\/www.redenoticia.com.br\/noticia\/?p=3674"},"modified":"2009-06-25T08:44:08","modified_gmt":"2009-06-25T12:44:08","slug":"prorrogadas-as-inscricoes-com-desconto-para-o-4%c2%ba-congresso-internacional-de-jornalismo-investigativo","status":"publish","type":"post","link":"https:\/\/migracao.redenoticia.com.br\/noticia\/2009\/prorrogadas-as-inscricoes-com-desconto-para-o-4%c2%ba-congresso-internacional-de-jornalismo-investigativo\/3674","title":{"rendered":"Prorrogadas as inscri\u00e7\u00f5es com desconto para o 4\u00ba Congresso Internacional de Jornalismo Investigativo"},"content":{"rendered":"<p style=\"margin-top: 0px; margin-right: 0px; margin-bottom: 14.15pt; margin-left: 0px; text-align: justify;\"><span style=\"font-family: Verdana, Arial, Helvetica, sans-serif;\"><span>Interessados em participar do 4\u00ba Congresso Internacional de Jornalismo Investigativo ter\u00e3o at\u00e9 o pr\u00f3ximo dia 28 de junho para se <\/span><a style=\"color: #0000cc;\" href=\"http:\/\/www.abraji.org.br\/?id=112\" target=\"_blank\"><span>inscrever<\/span><\/a><span> com desconto. Organizado pela Abraji (Associa\u00e7\u00e3o Brasileira de Jornalismo Investigativo) e pela Universidade Anhembi Morumbi, o evento ser\u00e1 realizado nos dias 9, 10 e 11 de julho, na cidade de S\u00e3o Paulo (SP).<\/span><\/span><\/p>\n<p style=\"margin-top: 0px; margin-right: 0px; margin-bottom: 14.15pt; margin-left: 0px; text-align: justify;\"><span style=\"font-family: Verdana, Arial, Helvetica, sans-serif;\"><span>Entre os quase 60 palestrantes est\u00e3o alguns dos mais experientes e premiados jornalistas brasileiros como Paulo Totti (<em>Valor Econ\u00f4mico<\/em>), Eduardo Faustini (TV Globo), Lourival Sant\u00b4anna (<em>O Estado de S. Paulo<\/em>), Matinas Suzuki (Coordenador da cole\u00e7\u00e3o Jornalismo Liter\u00e1rio da Companhiaa das Letras), Eliane Brum (<em>\u00c9poca<\/em>), Bob Fernandes (<em>Terra Magazine<\/em>), Elvira Lobato (<em>Folha de S.Paulo<\/em>).<\/span><\/span><\/p>\n<p style=\"margin-top: 0px; margin-right: 0px; margin-bottom: 14.15pt; margin-left: 0px; text-align: justify;\"><span style=\"font-family: Verdana, Arial, Helvetica, sans-serif;\"><span>A programa\u00e7\u00e3o tamb\u00e9m conta com palestras dos membros da diretoria da Abraji Angelina Nunes (<em>O Globo<\/em>), Fernando Rodrigues (<em>Folha de S.Paulo<\/em>), Marcelo Beraba (<em>O Estado de S. Paulo<\/em>), Fernando Molica (<em>O Dia<\/em>), Adriana Carranca (<em>O Estado de S. Paulo<\/em>), Claudio Tognolli (Consultor Jur\u00eddico\/USP), Li\u00e8ge Albuquerque (<em>O Estado de S. Paulo<\/em>), Ivana Moreira (<em>O Estado de S. Paulo<\/em>) e do coordenador de cursos e projetos, Jos\u00e9 Roberto de Toledo.<\/span><\/span><\/p>\n<p style=\"margin-top: 0px; margin-right: 0px; margin-bottom: 14.15pt; margin-left: 0px; text-align: justify;\"><span style=\"font-family: Verdana, Arial, Helvetica, sans-serif;\"><span>Entre os nove palestrantes internacionais est\u00e3o o jornalista do\u00a0<em>New York Times<\/em> Kirk Semple, que foi correspondente em Bagd\u00e1 e cobriu crime organizado no Afeganist\u00e3o, na Col\u00f4mbia e nos Estados Unidos, a jornalista investigativa americana Ana Arana que reside no M\u00e9xico e presta consultorias para ve\u00edculos daquele pa\u00eds e a colombiana Mar\u00eda Teresa Ronderos. O editor-executivo do Servi\u00e7o Mundial da BBC de Londres, Am\u00e9rico Martins, e Ronsental Calmon Alves,\u00a0<span style=\"color: black;\">diretor-fundador do Centro Knight para Jornalismo nas Am\u00e9ricas, ligado \u00e0 Universidade do Texas, <\/span>tamb\u00e9m estar\u00e3o presentes no Congresso.<\/p>\n<p>A programa\u00e7\u00e3o conta com palestras e workshops sobre fundamentos da reportagem, t\u00e9cnicas de RAC (Reportagem com Aux\u00edlio do Computador), elei\u00e7\u00f5es presidenciais de 2010, crise econ\u00f4mica, Copa do Mundo, dentre outros assuntos.<\/span><\/span><\/p>\n<p style=\"margin-top: 0px; margin-right: 0px; margin-bottom: 14.15pt; margin-left: 0px; text-align: justify;\"><span style=\"font-family: Verdana, Arial, Helvetica, sans-serif;\"><span>H\u00e1 tamb\u00e9m as chamadas Boas Hist\u00f3rias, Boas Reportagens, em que jornalistas relatam os bastidores de suas reportagens, em sua maioria premiadas. Marcelo Canellas, da TV Globo, contar\u00e1 as etapas de &#8220;Terra do Meio &#8211; Brasil Invis\u00edvel&#8221;, desde o momento em que a pauta foi pensada at\u00e9 as repercuss\u00f5es da reportagem. O material ganhou oito pr\u00eamios, incluindo o Pr\u00eamio F\u00f3rum 2007, da Fundaci\u00f3n Nuevo Periodismo, presidida por Gabriel Garc\u00eda M\u00e1rquez. <\/span><\/span><\/p>\n<p style=\"margin-top: 0px; margin-right: 0px; margin-bottom: 14.15pt; margin-left: 0px; text-align: justify;\"><span style=\"font-family: Verdana, Arial, Helvetica, sans-serif;\"><span>No painel &#8220;<strong><span>Jornalismo investigativo na imprensa regional&#8221;, os editores-chefe Eug\u00eanio Ara\u00fajo <\/span><\/strong><\/span><a style=\"color: #0000cc;\" href=\"http:\/\/www.abraji.org.br\/index.php?id=112&amp;acao=detalhepalestrante&amp;palestrante_id=69#_blank\" target=\"_blank\"><span>(<em>Cruzeiro do Sul<\/em>\/Sorocaba)<\/span><\/a><em><span> <\/span><\/em><span>e<em> <\/em><\/span><a style=\"color: #0000cc;\" href=\"http:\/\/www.abraji.org.br\/index.php?id=112&amp;acao=detalhepalestrante&amp;palestrante_id=70#_blank\" target=\"_blank\"><span>Jo\u00e3o Jabbour (<em>A<\/em> <em>Cidade<\/em>\/Bauru)<\/span><\/a><span>falar\u00e3o das dificuldades de fazer jornalismo investigativo no interior e apresentar\u00e3o as reportagens &#8220;Trabalho infantil&#8221;, &#8221; Secret\u00e1rio beneficia empresa do pr\u00f3prio pai&#8221; e\u00a0 &#8220;Licita\u00e7\u00e3o direcionada para pagar caixa 2 de campanha&#8221;.<\/span><\/span><\/p>\n<p style=\"margin-top: 0px; margin-right: 0px; margin-bottom: 14.15pt; margin-left: 0px; text-align: justify;\"><span style=\"font-family: Verdana, Arial, Helvetica, sans-serif;\"><span>Como nas edi\u00e7\u00f5es anteriores, haver\u00e1 dois eixos tem\u00e1ticos principais. Cobertura sobre o crime organizado contar\u00e1 com participa\u00e7\u00f5es ilustres, como a do juiz federal Fausto de Sanctis, respons\u00e1vel pela pris\u00e3o do banqueiro Daniel Dantas durante a Opera\u00e7\u00e3o Satiagraha, a do presidente do Coaf (Conselho de Controle de Atividades Financeiras), Ant\u00f4nio Gustavo Rodrigues, e de V\u00e2nia Vieira, diretora de Preven\u00e7\u00e3o da Corrup\u00e7\u00e3o da CGU (Controladoria-Geral da Uni\u00e3o).<\/span><\/span><\/p>\n<p style=\"margin-top: 0px; margin-right: 0px; margin-bottom: 14.15pt; margin-left: 0px; text-align: justify;\"><span style=\"font-family: Verdana, Arial, Helvetica, sans-serif;\"><span>O eixo cobertura da Amaz\u00f4nia tamb\u00e9m ter\u00e1 grandes autoridades no assunto, dentre elas Adalberto Ver\u00edssimo, do Imazon, Paulo Adario, do Greenpeace, S\u00e9rgio Abranches, de O Eco, e os jornalistas L\u00facio Fl\u00e1vio Pinto (<em>Jornal Pessoal<\/em>) e K\u00e1tia Brasil (<em>Folha de S.Paulo<\/em>). <\/span><\/span><\/p>\n<p style=\"margin-top: 0px; margin-right: 0px; margin-bottom: 14.15pt; margin-left: 0px; text-align: justify;\"><span style=\"font-family: Verdana, Arial, Helvetica, sans-serif;\"><span>O Congresso \u00e9 organizado em atividades simult\u00e2neas. Cada participante escolhe as palestras e os cursos que quer assistir no ato de inscri\u00e7\u00e3o, que \u00e9 feita on-line. As palestras est\u00e3o programadas para os dias 10 e 11 de julho, a partir das 9h. J\u00e1 os workshops ser\u00e3o no primeiro dia do congresso, 9 de julho, das 9h \u00e0s 18h. Nessa mesma data, haver\u00e1 uma abertura solene, \u00e0s 19h30.<\/p>\n<p>O valor da inscri\u00e7\u00e3o no Congresso \u00e9 diferente para estudantes e profissionais. S\u00f3cios da Abraji em dia com suas anuidades t\u00eam descontos no congresso. Ao se inscrever, os n\u00e3o-s\u00f3cios da Abraji (jornalistas e estudantes) podem optar, gratuitamente, por um per\u00edodo de seis meses de filia\u00e7\u00e3o \u00e0 associa\u00e7\u00e3o. Quem pagar a taxa de inscri\u00e7\u00e3o at\u00e9 o dia 28 de junho ter\u00e1 desconto de 20%. Grupos tamb\u00e9m t\u00eam descontos. Para conhecer a pol\u00edtica de pre\u00e7os, entre em contato com Veridiana Sedeh, pelo e-mail <\/span><a style=\"color: #0000cc;\" href=\"mailto:veridiana@abraji.org.br\" target=\"_blank\"><span>veridiana@abraji.org.br<\/span><\/a><span>.<\/span><\/span><\/p>\n","protected":false},"excerpt":{"rendered":"<p>Interessados em participar do 4\u00ba Congresso Internacional de Jornalismo Investigativo ter\u00e3o at\u00e9 o pr\u00f3ximo dia 28 de junho para se inscrever com desconto. Organizado pela Abraji (Associa\u00e7\u00e3o Brasileira de Jornalismo Investigativo) e pela Universidade Anhembi Morumbi, o evento ser\u00e1 realizado nos dias 9, 10 e 11 de julho, na cidade de S\u00e3o Paulo (SP). Entre [&hellip;]<\/p>\n","protected":false},"author":2,"featured_media":0,"comment_status":"open","ping_status":"open","sticky":false,"template":"","format":"standard","meta":{"tdm_status":"","tdm_grid_status":"","footnotes":""},"categories":[22],"tags":[],"class_list":{"0":"post-3674","1":"post","2":"type-post","3":"status-publish","4":"format-standard","6":"category-brasil"},"_links":{"self":[{"href":"https:\/\/migracao.redenoticia.com.br\/noticia\/wp-json\/wp\/v2\/posts\/3674","targetHints":{"allow":["GET"]}}],"collection":[{"href":"https:\/\/migracao.redenoticia.com.br\/noticia\/wp-json\/wp\/v2\/posts"}],"about":[{"href":"https:\/\/migracao.redenoticia.com.br\/noticia\/wp-json\/wp\/v2\/types\/post"}],"author":[{"embeddable":true,"href":"https:\/\/migracao.redenoticia.com.br\/noticia\/wp-json\/wp\/v2\/users\/2"}],"replies":[{"embeddable":true,"href":"https:\/\/migracao.redenoticia.com.br\/noticia\/wp-json\/wp\/v2\/comments?post=3674"}],"version-history":[{"count":0,"href":"https:\/\/migracao.redenoticia.com.br\/noticia\/wp-json\/wp\/v2\/posts\/3674\/revisions"}],"wp:attachment":[{"href":"https:\/\/migracao.redenoticia.com.br\/noticia\/wp-json\/wp\/v2\/media?parent=3674"}],"wp:term":[{"taxonomy":"category","embeddable":true,"href":"https:\/\/migracao.redenoticia.com.br\/noticia\/wp-json\/wp\/v2\/categories?post=3674"},{"taxonomy":"post_tag","embeddable":true,"href":"https:\/\/migracao.redenoticia.com.br\/noticia\/wp-json\/wp\/v2\/tags?post=3674"}],"curies":[{"name":"wp","href":"https:\/\/api.w.org\/{rel}","templated":true}]}}