{"id":3680,"date":"2009-06-25T10:30:00","date_gmt":"2009-06-25T14:30:00","guid":{"rendered":"http:\/\/www.redenoticia.com.br\/noticia\/?p=3680"},"modified":"2009-06-25T10:30:00","modified_gmt":"2009-06-25T14:30:00","slug":"iphan-inicia-projeto-de-educacao-patrimonial-em-rondonia","status":"publish","type":"post","link":"https:\/\/migracao.redenoticia.com.br\/noticia\/2009\/iphan-inicia-projeto-de-educacao-patrimonial-em-rondonia\/3680","title":{"rendered":"IPHAN inicia projeto de Educa\u00e7\u00e3o Patrimonial em Rond\u00f4nia"},"content":{"rendered":"<p align=\"justify\">\n<p><span style=\"font-family: 'Times New Roman'; font-size: small;\"><\/p>\n<figure id=\"attachment_3681\" aria-describedby=\"caption-attachment-3681\" style=\"width: 250px\" class=\"wp-caption alignleft\"><a href=\"https:\/\/migracao.redenoticia.com.br\/noticia\/imagens\/\/O-IPHAN-pretende-capacitar-100-professores-da-rede-publica-de-ensino.jpg\"><img loading=\"lazy\" decoding=\"async\" class=\"size-medium wp-image-3681\" title=\"O IPHAN pretende capacitar 100 professores da rede publica de ensino\" src=\"https:\/\/migracao.redenoticia.com.br\/noticia\/imagens\/\/O-IPHAN-pretende-capacitar-100-professores-da-rede-publica-de-ensino-250x162.jpg\" alt=\"IPHAN ir\u00e1 capacitar professores da rede p\u00fablica de ensino de Rond\u00f4nia\" width=\"250\" height=\"162\" \/><\/a><figcaption id=\"caption-attachment-3681\" class=\"wp-caption-text\">IPHAN ir\u00e1 capacitar professores da rede p\u00fablica de ensino de Rond\u00f4nia<\/figcaption><\/figure>\n<p>O Instituto de Patrim\u00f4nio Hist\u00f3rico e Art\u00edstico Nacional &#8211; IPHAN atrav\u00e9s da Superintend\u00eancia em Rond\u00f4nia iniciou as atividades do projeto piloto de Educa\u00e7\u00e3o Patrimonial voltado para as escolas estaduais da cidade de Porto Velho.<\/span><\/p>\n<p align=\"justify\"><span style=\"font-family: 'Times New Roman'; font-size: small;\">Para Beto Bertagna, Superintendente do IPHAN em Rond\u00f4nia \u201co trabalho almeja preparar professores para trabalhar com temas relacionados ao nosso patrim\u00f4nio e sensibilizar os alunos para a pr\u00e1tica cidad\u00e3 de preserva\u00e7\u00e3o e valoriza\u00e7\u00e3o da cultura, mem\u00f3ria e identidade da regi\u00e3o\u201d.<\/span><\/p>\n<p align=\"justify\"><span style=\"font-family: 'Times New Roman'; font-size: small;\">&#8211; \u201cIsto \u00e9 importante, porque motiva uma aproxima\u00e7\u00e3o entre a comunidade , a institui\u00e7\u00e3o e as escolas\u201d \u2013 observou Bertagna.<\/span><\/p>\n<p align=\"justify\"><span style=\"font-family: 'Times New Roman'; font-size: small;\">O projeto vai promover a capacita\u00e7\u00e3o de cerca de 100 professores do n\u00edvel fundamental bem como de seus alunos e inicialmente ser\u00e1 executado nas Escolas Estaduais Santa Marcelina, Marcelo C\u00e2ndia e Coronel Carlos Aloysio Weber.<\/span><\/p>\n<p align=\"justify\"><span style=\"font-family: 'Times New Roman'; font-size: small;\">A capacita\u00e7\u00e3o dos professores est\u00e1 dividida em tr\u00eas etapas sendo que a primeira consiste na distribui\u00e7\u00e3o de um material impresso que trata de diversos temas relacionados ao patrim\u00f4nio. Depois, s\u00e3o ministradas oficinas com enfoque \u00e0s a\u00e7\u00f5es do IPHAN e na divulga\u00e7\u00e3o do acervo da biblioteca, no intuito de promover a democratiza\u00e7\u00e3o do mesmo e potencializa\u00e7\u00e3o da sala de consulta.<\/span><\/p>\n<p align=\"justify\"><span style=\"font-family: 'Times New Roman'; font-size: small;\">Al\u00e9m disso, \u00e9 realizado um passeio \u201ctur\u00edstico cultural\u201d.<\/span><\/p>\n<p align=\"justify\"><span style=\"font-family: 'Times New Roman'; font-size: small;\">As oficinas possibilitam trabalhar o conceito de mem\u00f3ria, cultura e identidade, o entendimento e valoriza\u00e7\u00e3o da diversidade cultural dentro da perspectiva da cidadania, debater o que \u00e9 a Educa\u00e7\u00e3o Patrimonial, esclarecer a atua\u00e7\u00e3o do IPHAN e discutir atividades para trabalhar em sala de aula com temas relacionados ao patrim\u00f4nio regional.<\/span><\/p>\n<p align=\"justify\"><span style=\"font-family: 'Times New Roman'; font-size: small;\">O planejamento da capacita\u00e7\u00e3o para professores est\u00e1 ancorado nos princ\u00edpios da interdisciplinaridade e da metodologia difundida pelo pedagogo Paulo Freire, investindo no respeito aos educandos e da sua leitura do mundo como ponte de liberta\u00e7\u00e3o e autonomia de ser pensante e influente no seu pr\u00f3prio desenvolvimento.<\/span><\/p>\n<p align=\"justify\"><span style=\"font-family: 'Times New Roman'; font-size: small;\">O respons\u00e1vel pela produ\u00e7\u00e3o do material para professores e alunos \u00e9 o professor e escritor Abel Sidney e a aplica\u00e7\u00e3o das oficinas e organiza\u00e7\u00e3o do passeio \u201ctur\u00edstico cultural\u201d fica a cargo de funcion\u00e1rios, estagi\u00e1rios da Unir no IPHAN e bolsistas do PEP &#8211; Programa de Especializa\u00e7\u00e3o em Patrim\u00f4nio.<\/span><\/p>\n<p align=\"justify\"><span style=\"font-family: 'Times New Roman'; font-size: small;\">Em agosto, o projeto de Educa\u00e7\u00e3o Patrimonial visitar\u00e1 todas as escolas urbanas e rurais de Costa Marques, abordando temas ligados ao Real Forte Pr\u00edncipe da Beira. <\/span><\/p>\n","protected":false},"excerpt":{"rendered":"<p>O Instituto de Patrim\u00f4nio Hist\u00f3rico e Art\u00edstico Nacional &#8211; IPHAN atrav\u00e9s da Superintend\u00eancia em Rond\u00f4nia iniciou as atividades do projeto piloto de Educa\u00e7\u00e3o Patrimonial voltado para as escolas estaduais da cidade de Porto Velho. Para Beto Bertagna, Superintendente do IPHAN em Rond\u00f4nia \u201co trabalho almeja preparar professores para trabalhar com temas relacionados ao nosso patrim\u00f4nio [&hellip;]<\/p>\n","protected":false},"author":2,"featured_media":0,"comment_status":"open","ping_status":"open","sticky":false,"template":"","format":"standard","meta":{"tdm_status":"","tdm_grid_status":"","footnotes":""},"categories":[22],"tags":[],"class_list":{"0":"post-3680","1":"post","2":"type-post","3":"status-publish","4":"format-standard","6":"category-brasil"},"_links":{"self":[{"href":"https:\/\/migracao.redenoticia.com.br\/noticia\/wp-json\/wp\/v2\/posts\/3680","targetHints":{"allow":["GET"]}}],"collection":[{"href":"https:\/\/migracao.redenoticia.com.br\/noticia\/wp-json\/wp\/v2\/posts"}],"about":[{"href":"https:\/\/migracao.redenoticia.com.br\/noticia\/wp-json\/wp\/v2\/types\/post"}],"author":[{"embeddable":true,"href":"https:\/\/migracao.redenoticia.com.br\/noticia\/wp-json\/wp\/v2\/users\/2"}],"replies":[{"embeddable":true,"href":"https:\/\/migracao.redenoticia.com.br\/noticia\/wp-json\/wp\/v2\/comments?post=3680"}],"version-history":[{"count":0,"href":"https:\/\/migracao.redenoticia.com.br\/noticia\/wp-json\/wp\/v2\/posts\/3680\/revisions"}],"wp:attachment":[{"href":"https:\/\/migracao.redenoticia.com.br\/noticia\/wp-json\/wp\/v2\/media?parent=3680"}],"wp:term":[{"taxonomy":"category","embeddable":true,"href":"https:\/\/migracao.redenoticia.com.br\/noticia\/wp-json\/wp\/v2\/categories?post=3680"},{"taxonomy":"post_tag","embeddable":true,"href":"https:\/\/migracao.redenoticia.com.br\/noticia\/wp-json\/wp\/v2\/tags?post=3680"}],"curies":[{"name":"wp","href":"https:\/\/api.w.org\/{rel}","templated":true}]}}