{"id":36861,"date":"2011-10-11T13:51:19","date_gmt":"2011-10-11T17:51:19","guid":{"rendered":"http:\/\/www.redenoticia.com.br\/noticia\/?p=36861"},"modified":"2011-10-11T13:51:19","modified_gmt":"2011-10-11T17:51:19","slug":"medicos-do-sus-marcam-protesto-para-25-de-outubro","status":"publish","type":"post","link":"https:\/\/migracao.redenoticia.com.br\/noticia\/2011\/medicos-do-sus-marcam-protesto-para-25-de-outubro\/36861","title":{"rendered":"M\u00e9dicos do SUS marcam protesto para 25 de outubro"},"content":{"rendered":"<p><img loading=\"lazy\" decoding=\"async\" class=\"alignleft size-full wp-image-35093\" title=\"saude\" src=\"https:\/\/migracao.redenoticia.com.br\/noticia\/imagens\/saude2.jpg\" alt=\"\" width=\"300\" height=\"193\" srcset=\"https:\/\/migracao.redenoticia.com.br\/noticia\/imagens\/saude2.jpg 300w, https:\/\/migracao.redenoticia.com.br\/noticia\/imagens\/saude2-250x160.jpg 250w, https:\/\/migracao.redenoticia.com.br\/noticia\/imagens\/saude2-150x96.jpg 150w\" sizes=\"auto, (max-width: 300px) 100vw, 300px\" \/>Em 25 de outubro, <em><strong>m\u00e9dicos<\/strong><\/em> de todo o pa\u00eds <em><strong>protestar\u00e3o<\/strong><\/em> contra as m\u00e1s condi\u00e7\u00f5es de assist\u00eancia e a baixa remunera\u00e7\u00e3o dos profissionais oferecidas no \u00e2mbito do Sistema \u00danico de Sa\u00fade (<em><strong>SUS<\/strong><\/em>). A mobiliza\u00e7\u00e3o nacional em defesa da rede p\u00fablica quer chamar a aten\u00e7\u00e3o da sociedade e dos tomadores de decis\u00e3o para a crise instalada na assist\u00eancia em sa\u00fade na rede p\u00fablica. O clima de insatisfa\u00e7\u00e3o \u00e9 grande. Em alguns estados \u2013 como Minas Gerais, Par\u00e1 e Pernambuco \u2013 h\u00e1, inclusive, indicativo de suspens\u00e3o dos atendimentos na data do protesto.<\/p>\n<p>\u201cPrecisamos deixar bem claro aos cidad\u00e3os que mais uma vez tomamos a defesa do Sistema \u00danico de Sa\u00fade. S\u00e3o necess\u00e1rias mudan\u00e7as importantes para qualific\u00e1-lo. \u00c9 fundamental ter mais verbas para o setor, remunera\u00e7\u00e3o digna para os recursos humanos, entre os quais os m\u00e9dicos, e condi\u00e7\u00f5es adequadas a uma assist\u00eancia digna para os pacientes. No dia 25, portanto, faremos uma grande corrente em todo o Brasil n\u00e3o somente para apontar os problemas da rede p\u00fablica, mas para contribuir com propostas de solu\u00e7\u00f5es\u201d, afirma o presidente eleito da Associa\u00e7\u00e3o M\u00e9dica Brasileira (AMB), Florentino Cardoso.<\/p>\n<p>\u201cCom a mobiliza\u00e7\u00e3o queremos chamar a aten\u00e7\u00e3o das autoridades para a necessidade de mais recursos para a sa\u00fade, melhor remunera\u00e7\u00e3o para os profissionais e melhor assist\u00eancia \u00e0 popula\u00e7\u00e3o\u201d, corrobora o presidente do Conselho Federal de Medicina, Roberto Luiz d\u2019Avila.<\/p>\n<p>O presidente da Federa\u00e7\u00e3o Nacional dos M\u00e9dicos (Fenam), Cid Carvalhaes, diz que o objetivo \u00e9 chamar a aten\u00e7\u00e3o de todos os cidad\u00e3os brasileiros para alguns fatos que n\u00e3o s\u00e3o mostrados como as p\u00e9ssimas condi\u00e7\u00f5es de trabalho, falta de planejamento na \u00e1rea de recursos humanos e os sal\u00e1rios aviltantes pagos nos servi\u00e7os de sa\u00fade p\u00fablica.<\/p>\n<p>&#8220;\u00c9 uma situa\u00e7\u00e3o ca\u00f3tica e complexa, por isso estamos fazendo essa mobiliza\u00e7\u00e3o de alerta \u00e0s autoridades e de informa\u00e7\u00e3o \u00e0 popula\u00e7\u00e3o, para que o Congresso Nacional, a presidente da Rep\u00fablica, o ministro da Sa\u00fade, os governadores, prefeitos e secret\u00e1rios estaduais e municipais tenham consci\u00eancia de que \u00e9 preciso melhorar a sa\u00fade p\u00fablica e os m\u00e9dicos s\u00e3o parceiros relevantes nesse contexto&#8221;, ressalta o dirigente.<\/p>\n<p>A mobiliza\u00e7\u00e3o est\u00e1 sendo discutida pelas lideran\u00e7as m\u00e9dicas nos Estados, que poder\u00e3o &#8211; a partir do posicionamento da categoria localmente &#8211; adotar a paralisa\u00e7\u00e3o por um dia inteiro ou optar por outras formas de protesto.<\/p>\n<p>De qualquer modo, a Coordena\u00e7\u00e3o Nacional do movimento \u2013 que conta com representantes do Conselho Federal de Medicina (CFM), da Associa\u00e7\u00e3o M\u00e9dica Brasileira (AMB) e da Federa\u00e7\u00e3o Nacional dos M\u00e9dicos (Fenam) \u2013 ressalta que todo esfor\u00e7o tem sido tomado para n\u00e3o causar transtornos aos cidad\u00e3os.<br \/>\nApenas os atendimentos eletivos (consultas, exames, cirurgias e outros procedimentos agendados) ser\u00e3o suspensos, nos estados que optarem pela interrup\u00e7\u00e3o do atendimento a planos. O protesto n\u00e3o atingir\u00e1 os setores de urg\u00eancia e emerg\u00eancia dos prontos-socorros, hospitais e ambulat\u00f3rios.<\/p>\n<p>O CFM j\u00e1 orientou aos CRMs que alertem aos gestores p\u00fablicos de sa\u00fade (secret\u00e1rios e diretores t\u00e9cnicos e cl\u00ednicos) sobre a mobiliza\u00e7\u00e3o para que se evitem agendamentos para o dia 25 de outubro e se garanta uma nova data em caso de suspens\u00e3o de atividades.<\/p>\n<p>O protesto dos m\u00e9dicos tem forte valor simb\u00f3lico para a \u00e1rea da sa\u00fade. Ele acontece no m\u00eas em que o SUS comemora 23 anos e \u00e0s v\u00e9speras da 14\u00aa Confer\u00eancia Nacional de Sa\u00fade, prevista para acontecer entre 14 e 18 de novembro, em Bras\u00edlia, quando milhares de representantes da sociedade discutiram propostas para o setor.<\/p>\n<p>Um ponto importante nesse processo e que contribuir\u00e1 para o sucesso do protesto dos m\u00e9dicos \u00e9 o apoio declarado dos prestadores de servi\u00e7os hospitalares. A Confedera\u00e7\u00e3o das Santas Casas de Miseric\u00f3rdia, Hospitais e Entidades Filantr\u00f3picas (CMB) declarou, em assembleia geral, apoio \u00e0 mobiliza\u00e7\u00e3o dos m\u00e9dicos. \u201cPe\u00e7o apoio necess\u00e1rio ao movimento, considerando as particularidades de sua regi\u00e3o, para que sejam alcan\u00e7adas repercuss\u00e3o positiva nas negocia\u00e7\u00f5es e na qualidade de atendimento no SUS\u201d, afirmou o presidente da CMB, Jos\u00e9 Reinaldo Nogueira de Oliveira Junior, em documento enviado \u00e0s entidades m\u00e9dicas.<\/p>\n","protected":false},"excerpt":{"rendered":"<p>Em 25 de outubro, m\u00e9dicos de todo o pa\u00eds protestar\u00e3o contra as m\u00e1s condi\u00e7\u00f5es de assist\u00eancia e a baixa remunera\u00e7\u00e3o dos profissionais oferecidas no \u00e2mbito do Sistema \u00danico de Sa\u00fade (SUS). A mobiliza\u00e7\u00e3o nacional em defesa da rede p\u00fablica quer chamar a aten\u00e7\u00e3o da sociedade e dos tomadores de decis\u00e3o para a crise instalada na [&hellip;]<\/p>\n","protected":false},"author":3,"featured_media":35093,"comment_status":"open","ping_status":"closed","sticky":false,"template":"","format":"standard","meta":{"tdm_status":"","tdm_grid_status":"","footnotes":""},"categories":[22],"tags":[],"class_list":{"0":"post-36861","1":"post","2":"type-post","3":"status-publish","4":"format-standard","5":"has-post-thumbnail","7":"category-brasil"},"_links":{"self":[{"href":"https:\/\/migracao.redenoticia.com.br\/noticia\/wp-json\/wp\/v2\/posts\/36861","targetHints":{"allow":["GET"]}}],"collection":[{"href":"https:\/\/migracao.redenoticia.com.br\/noticia\/wp-json\/wp\/v2\/posts"}],"about":[{"href":"https:\/\/migracao.redenoticia.com.br\/noticia\/wp-json\/wp\/v2\/types\/post"}],"author":[{"embeddable":true,"href":"https:\/\/migracao.redenoticia.com.br\/noticia\/wp-json\/wp\/v2\/users\/3"}],"replies":[{"embeddable":true,"href":"https:\/\/migracao.redenoticia.com.br\/noticia\/wp-json\/wp\/v2\/comments?post=36861"}],"version-history":[{"count":0,"href":"https:\/\/migracao.redenoticia.com.br\/noticia\/wp-json\/wp\/v2\/posts\/36861\/revisions"}],"wp:featuredmedia":[{"embeddable":true,"href":"https:\/\/migracao.redenoticia.com.br\/noticia\/wp-json\/wp\/v2\/media\/35093"}],"wp:attachment":[{"href":"https:\/\/migracao.redenoticia.com.br\/noticia\/wp-json\/wp\/v2\/media?parent=36861"}],"wp:term":[{"taxonomy":"category","embeddable":true,"href":"https:\/\/migracao.redenoticia.com.br\/noticia\/wp-json\/wp\/v2\/categories?post=36861"},{"taxonomy":"post_tag","embeddable":true,"href":"https:\/\/migracao.redenoticia.com.br\/noticia\/wp-json\/wp\/v2\/tags?post=36861"}],"curies":[{"name":"wp","href":"https:\/\/api.w.org\/{rel}","templated":true}]}}