{"id":36863,"date":"2011-10-11T12:55:29","date_gmt":"2011-10-11T16:55:29","guid":{"rendered":"http:\/\/www.redenoticia.com.br\/noticia\/?p=36863"},"modified":"2011-10-11T14:02:07","modified_gmt":"2011-10-11T18:02:07","slug":"parana-confirma-segundo-caso-de-dengue-tipo-4","status":"publish","type":"post","link":"https:\/\/migracao.redenoticia.com.br\/noticia\/2011\/parana-confirma-segundo-caso-de-dengue-tipo-4\/36863","title":{"rendered":"Paran\u00e1 confirma 2\u00ba caso de dengue tipo 4"},"content":{"rendered":"<p><img loading=\"lazy\" decoding=\"async\" class=\"alignleft size-full wp-image-34747\" title=\"vacina\" src=\"https:\/\/migracao.redenoticia.com.br\/noticia\/imagens\/vacina1.jpg\" alt=\"\" width=\"300\" height=\"193\" srcset=\"https:\/\/migracao.redenoticia.com.br\/noticia\/imagens\/vacina1.jpg 300w, https:\/\/migracao.redenoticia.com.br\/noticia\/imagens\/vacina1-250x160.jpg 250w, https:\/\/migracao.redenoticia.com.br\/noticia\/imagens\/vacina1-150x96.jpg 150w\" sizes=\"auto, (max-width: 300px) 100vw, 300px\" \/>Curitiba &#8211; A Secretaria da Sa\u00fade do Paran\u00e1 confirmou o segundo caso de <em><strong>dengue tipo 4<\/strong><\/em> no estado. O paciente mora em Santa Tereza do Oeste e esteve no Par\u00e1 (Regi\u00e3o Norte), entre os dias 12 e 28 de agosto. De acordo com o superintendente de Vigil\u00e2ncia em Sa\u00fade, Sezifredo Paz, ap\u00f3s apresentar sintomas caracter\u00edsticos da doen\u00e7a, o paciente procurou o servi\u00e7o de sa\u00fade e o diagn\u00f3stico foi confirmado. O caso, divulgado na noite de ontem (10), \u00e9 considerado importado, pois o cont\u00e1gio ocorreu fora do estado. A secretaria investiga ainda outro caso de dengue tipo 4, que est\u00e1 em fase de exame laboratorial.<\/p>\n<p>O boletim informativo da dengue no Paran\u00e1 foi reestruturado e, desde agosto, analisa os dados epidemiol\u00f3gicos a partir da 31\u00aa semana do ano at\u00e9 a 30\u00aa do ano seguinte (julho de 2012). De acordo com o superintendente, a ideia \u00e9 ter uma no\u00e7\u00e3o clara da curva epid\u00eamica da doen\u00e7a. De agosto at\u00e9 agora, a secretaria confirmou 30 casos de dengue no Paran\u00e1. Desse total, 27 foram aut\u00f3ctones \u2013 cuja infec\u00e7\u00e3o ocorreu dentro do estado \u2013 e tr\u00eas, importados.<\/p>\n<p>De agosto de 2010 a julho de 2011, foram notificados 65.649 casos e confirmados 29 mil, sendo 28 mil aut\u00f3ctones. Quatorze pessoas morreram devido a complica\u00e7\u00f5es da doen\u00e7a. O Paran\u00e1 vem apresentando redu\u00e7\u00e3o nos casos aut\u00f3ctones de dengue. No primeiro semestre deste ano, foi registrada uma queda de 21% em rela\u00e7\u00e3o ao mesmo per\u00edodo do ano passado. Neste ano, a secretaria confirmou 25,7 mil casos aut\u00f3ctones, enquanto nos seis primeiros meses de 2010 o n\u00famero chegou a 32,5 mil casos.<\/p>\n<p>Segundo Paz, isso mostra que o Plano Emergencial de Controle da Dengue, lan\u00e7ado em janeiro deste ano, t\u00eam cumprido o objetivo. \u201cMas o combate \u00e0 dengue deve continuar, o monitoramento ser\u00e1 constante e a popula\u00e7\u00e3o n\u00e3o deve deixar que o mosquito se prolifere\u201d, ressalta o superintendente.<\/p>\n<p>O superintendente disse que a principal preocupa\u00e7\u00e3o \u00e9 com a introdu\u00e7\u00e3o de mais um tipo do micro-organismo na popula\u00e7\u00e3o, que j\u00e1 tenha sido exposta aos outros tipos \u2013 1, 2 e 3. Cada vez que uma pessoa tem contato com um tipo do v\u00edrus, n\u00e3o pode mais ser infectado por ele, ou seja, pode ter dengue no m\u00e1ximo quatro vezes (de tipos diferentes). Mas, segundo ele, clinicamente os sintomas dos quatro sorotipos s\u00e3o iguais.<\/p>\n<p>L\u00facia N\u00f3rcio<br \/>\nRep\u00f3rter da Ag\u00eancia Brasil<\/p>\n<p>Edi\u00e7\u00e3o: Talita Cavalcante<\/p>\n","protected":false},"excerpt":{"rendered":"<p>Curitiba &#8211; A Secretaria da Sa\u00fade do Paran\u00e1 confirmou o segundo caso de dengue tipo 4 no estado. O paciente mora em Santa Tereza do Oeste e esteve no Par\u00e1 (Regi\u00e3o Norte), entre os dias 12 e 28 de agosto. De acordo com o superintendente de Vigil\u00e2ncia em Sa\u00fade, Sezifredo Paz, ap\u00f3s apresentar sintomas caracter\u00edsticos [&hellip;]<\/p>\n","protected":false},"author":3,"featured_media":34747,"comment_status":"open","ping_status":"closed","sticky":false,"template":"","format":"standard","meta":{"tdm_status":"","tdm_grid_status":"","footnotes":""},"categories":[22],"tags":[],"class_list":{"0":"post-36863","1":"post","2":"type-post","3":"status-publish","4":"format-standard","5":"has-post-thumbnail","7":"category-brasil"},"_links":{"self":[{"href":"https:\/\/migracao.redenoticia.com.br\/noticia\/wp-json\/wp\/v2\/posts\/36863","targetHints":{"allow":["GET"]}}],"collection":[{"href":"https:\/\/migracao.redenoticia.com.br\/noticia\/wp-json\/wp\/v2\/posts"}],"about":[{"href":"https:\/\/migracao.redenoticia.com.br\/noticia\/wp-json\/wp\/v2\/types\/post"}],"author":[{"embeddable":true,"href":"https:\/\/migracao.redenoticia.com.br\/noticia\/wp-json\/wp\/v2\/users\/3"}],"replies":[{"embeddable":true,"href":"https:\/\/migracao.redenoticia.com.br\/noticia\/wp-json\/wp\/v2\/comments?post=36863"}],"version-history":[{"count":0,"href":"https:\/\/migracao.redenoticia.com.br\/noticia\/wp-json\/wp\/v2\/posts\/36863\/revisions"}],"wp:featuredmedia":[{"embeddable":true,"href":"https:\/\/migracao.redenoticia.com.br\/noticia\/wp-json\/wp\/v2\/media\/34747"}],"wp:attachment":[{"href":"https:\/\/migracao.redenoticia.com.br\/noticia\/wp-json\/wp\/v2\/media?parent=36863"}],"wp:term":[{"taxonomy":"category","embeddable":true,"href":"https:\/\/migracao.redenoticia.com.br\/noticia\/wp-json\/wp\/v2\/categories?post=36863"},{"taxonomy":"post_tag","embeddable":true,"href":"https:\/\/migracao.redenoticia.com.br\/noticia\/wp-json\/wp\/v2\/tags?post=36863"}],"curies":[{"name":"wp","href":"https:\/\/api.w.org\/{rel}","templated":true}]}}