{"id":36868,"date":"2011-10-11T16:40:50","date_gmt":"2011-10-11T20:40:50","guid":{"rendered":"http:\/\/www.redenoticia.com.br\/noticia\/?p=36868"},"modified":"2011-10-12T11:02:55","modified_gmt":"2011-10-12T15:02:55","slug":"meteorologia-%e2%80%93-previsao-do-tempo-para-esta-quarta-feira-1210","status":"publish","type":"post","link":"https:\/\/migracao.redenoticia.com.br\/noticia\/2011\/meteorologia-%e2%80%93-previsao-do-tempo-para-esta-quarta-feira-1210\/36868","title":{"rendered":"Meteorologia \u2013 previs\u00e3o do tempo para esta quarta-feira 12\/10"},"content":{"rendered":"<p><img loading=\"lazy\" decoding=\"async\" class=\"alignleft size-full wp-image-28409\" title=\"previsao do tempo e temperatura\" src=\"https:\/\/migracao.redenoticia.com.br\/noticia\/imagens\/previsao-do-tempo-e-temperatura.jpg\" alt=\"\" width=\"300\" height=\"193\" srcset=\"https:\/\/migracao.redenoticia.com.br\/noticia\/imagens\/previsao-do-tempo-e-temperatura.jpg 300w, https:\/\/migracao.redenoticia.com.br\/noticia\/imagens\/previsao-do-tempo-e-temperatura-250x160.jpg 250w, https:\/\/migracao.redenoticia.com.br\/noticia\/imagens\/previsao-do-tempo-e-temperatura-150x96.jpg 150w\" sizes=\"auto, (max-width: 300px) 100vw, 300px\" \/>Previs\u00e3o do tempo\u00a0\u2013 a\u00a0<strong><em>meteorologia<\/em><\/strong>\u00a0divulgou a <strong><em>previs\u00e3o do tempo<\/em><\/strong> e\u00a0<strong><em>temperatura<\/em><\/strong>\u00a0para esta quarta-feira (12\/10) e informa que o tempo ficar\u00e1 nublado com pancadas de chuva em grande parte do interior do pa\u00eds, principalmente, no Norte e Centro-Oeste. Segundo a previs\u00e3o do tempo h\u00e1 chance da ocorr\u00eancia de temporais no oeste e noroeste do RS, centro-oeste do PR, sul do MS, norte de SP, MG e sul de GO. Dados da previs\u00e3o do tempo indicam que o sol predomina na maior parte da Regi\u00e3o Nordeste, com possiblidade de chuva forte de forma isolada no sul do MA e do PI e interior da BA. A previs\u00e3o do tempo destaca que nas demais regi\u00f5es, o sol deve aparecer entre poucas nuvens.<\/p>\n<p>Vale do Para\u00edba \u2013 previs\u00e3o do tempo na quarta-feira (12\/10) o dia dever\u00e1 ser de predom\u00ednio de sol na maior parte do per\u00edodo. A partir da tarde poder\u00e3o ocorrer pancadas de chuva, principalmente nas \u00e1reas pr\u00f3ximas \u00e0 serra. As temperaturas n\u00e3o sofrer\u00e3o mudan\u00e7as significativas.<\/p>\n<p>Regi\u00e3o Centro-Oeste \u2013 previs\u00e3o do tempo em\u00a012\/10\/2011:\u00a0No leste de MS e no sudeste de GO: varia\u00e7\u00e3o de nuvens e fortes pancadas de chuva principalmente em GO. Nas demais \u00e1reas da regi\u00e3o: dia nublado com fortes pancadas de chuva. Temperatura est\u00e1vel. Temperatura m\u00e1xima: 38C no nordeste de MT. Temperatura m\u00ednima: 19C no sul de MS.<\/p>\n<p>Regi\u00e3o Nordeste \u2013 previs\u00e3o do tempo em\u00a012\/10\/2011:\u00a0No sul do MA e do PI e oeste da BA: nublado com pancadas de chuva, que poder\u00e1 ser forte no oeste da BA. No litoral sul da BA: sol entre poucas nuvens e possibilidade de pancadas de chuva. Na faixa central do PI e da BA: sol entre nebulosidade vari\u00e1vel e com pancadas de chuva isolada. Nas demais \u00e1reas da regi\u00e3o: predom\u00ednio de sol. Temperatura est\u00e1vel. Temperatura m\u00e1xima: 38C no oeste do MA. Temperatura m\u00ednima: 18C no sudoeste da BA.<\/p>\n<p>Regi\u00e3o Norte \u2013 previs\u00e3o do tempo em\u00a012\/10\/2011:\u00a0No nordeste do PA: predom\u00ednio de sol. No norte do PA e no leste do AP: sol entre poucas nuvens e com possibilidade de pancadas de chuva. Nas demais \u00e1reas do AP: sol e poucas nuvens. Nas demais \u00e1reas da regi\u00e3o: nublado com fortes pancadas de chuva. Temperatura elevada. Temperatura m\u00e1xima: 39C no norte do TO. Temperatura m\u00ednima: 18C no noroeste de RR.<\/p>\n<p>Regi\u00e3o Sudeste \u2013 previs\u00e3o do tempo em\u00a012\/10\/2011:\u00a0No noroeste de MG: nublado com fortes pancadas de chuva. No sul de SP e no litoral do ES e litoral norte do RJ: sol entre poucas nuvens e com possibilidade de pancadas de chuva. No centro-sul do RJ e no leste de SP: sol e poucas nuvens. Nas \u00e1reas de serra do RJ e de SP, no sul de MG e na faixa central de SP: varia\u00e7\u00e3o de nuvens e possibilidade de pancadas de chuva \u00e0 tarde. Nas demais \u00e1reas da regi\u00e3o: sol entre nebulosidade vari\u00e1vel e com fortes pancadas de chuva. Temperatura est\u00e1vel. Temperatura m\u00e1xima: 34C no norte de SP. Temperatura m\u00ednima: 15C nas \u00e1reas de serra.<\/p>\n<p>Regi\u00e3o Sul \u2013 previs\u00e3o do tempo em\u00a012\/10\/2011:\u00a0No oeste do RS: nublado com fortes pancadas de chuva. No sudeste de SC e no leste do RS: sol e varia\u00e7\u00e3o de nuvens. No nordeste de SC e no leste do PR: varia\u00e7\u00e3o de nuvens e possibilidade de pancadas de chuva. No nordeste do PR: sol entre poucas nuvens e com possibilidade de pancadas de chuva \u00e0 tarde. Nas demais \u00e1reas da regi\u00e3o: sol entre varia\u00e7\u00e3o de nuvens e pancadas de chuva \u00e0 tarde. No oeste do PR e do RS ocorrer\u00e1 pancadas de chuva forte. Temperatura est\u00e1vel. Temperatura m\u00e1xima: 30C no norte do PR. Temperatura m\u00ednima: 11C no sudoeste do RS.<\/p>\n<p>Previs\u00e3o do tempo e temperatura CPTEC<\/p>\n","protected":false},"excerpt":{"rendered":"<p>Previs\u00e3o do tempo\u00a0\u2013 a\u00a0meteorologia\u00a0divulgou a previs\u00e3o do tempo e\u00a0temperatura\u00a0para esta quarta-feira (12\/10) e informa que o tempo ficar\u00e1 nublado com pancadas de chuva em grande parte do interior do pa\u00eds, principalmente, no Norte e Centro-Oeste. Segundo a previs\u00e3o do tempo h\u00e1 chance da ocorr\u00eancia de temporais no oeste e noroeste do RS, centro-oeste do PR, [&hellip;]<\/p>\n","protected":false},"author":3,"featured_media":28409,"comment_status":"open","ping_status":"closed","sticky":false,"template":"","format":"standard","meta":{"tdm_status":"","tdm_grid_status":"","footnotes":""},"categories":[22,327,376],"tags":[],"class_list":{"0":"post-36868","1":"post","2":"type-post","3":"status-publish","4":"format-standard","5":"has-post-thumbnail","7":"category-brasil","8":"category-clima","9":"category-clima-brasil"},"_links":{"self":[{"href":"https:\/\/migracao.redenoticia.com.br\/noticia\/wp-json\/wp\/v2\/posts\/36868","targetHints":{"allow":["GET"]}}],"collection":[{"href":"https:\/\/migracao.redenoticia.com.br\/noticia\/wp-json\/wp\/v2\/posts"}],"about":[{"href":"https:\/\/migracao.redenoticia.com.br\/noticia\/wp-json\/wp\/v2\/types\/post"}],"author":[{"embeddable":true,"href":"https:\/\/migracao.redenoticia.com.br\/noticia\/wp-json\/wp\/v2\/users\/3"}],"replies":[{"embeddable":true,"href":"https:\/\/migracao.redenoticia.com.br\/noticia\/wp-json\/wp\/v2\/comments?post=36868"}],"version-history":[{"count":0,"href":"https:\/\/migracao.redenoticia.com.br\/noticia\/wp-json\/wp\/v2\/posts\/36868\/revisions"}],"wp:featuredmedia":[{"embeddable":true,"href":"https:\/\/migracao.redenoticia.com.br\/noticia\/wp-json\/wp\/v2\/media\/28409"}],"wp:attachment":[{"href":"https:\/\/migracao.redenoticia.com.br\/noticia\/wp-json\/wp\/v2\/media?parent=36868"}],"wp:term":[{"taxonomy":"category","embeddable":true,"href":"https:\/\/migracao.redenoticia.com.br\/noticia\/wp-json\/wp\/v2\/categories?post=36868"},{"taxonomy":"post_tag","embeddable":true,"href":"https:\/\/migracao.redenoticia.com.br\/noticia\/wp-json\/wp\/v2\/tags?post=36868"}],"curies":[{"name":"wp","href":"https:\/\/api.w.org\/{rel}","templated":true}]}}