{"id":3691,"date":"2009-06-25T10:50:37","date_gmt":"2009-06-25T14:50:37","guid":{"rendered":"http:\/\/www.redenoticia.com.br\/noticia\/?p=3691"},"modified":"2009-06-25T10:50:37","modified_gmt":"2009-06-25T14:50:37","slug":"alcool-e-drogas-prejudicam-a-gravidez-e-o-bebe","status":"publish","type":"post","link":"https:\/\/migracao.redenoticia.com.br\/noticia\/2009\/alcool-e-drogas-prejudicam-a-gravidez-e-o-bebe\/3691","title":{"rendered":"\u00c1lcool e Drogas prejudicam a gravidez e o beb\u00ea"},"content":{"rendered":"<p>As drogas tornaram-se um problema t\u00e3o comum e relevante \u00e0 sociedade que em 1987 a Organiza\u00e7\u00e3o das Na\u00e7\u00f5es Unidas (ONU) instituiu o dia 26 de junho como sendo o Dia Internacional Contra o Uso e o Tr\u00e1fico de Drogas. Nessa data, acontecem atividades sociais com a finalidade de aumentar a consci\u00eancia do planeta para o problema.<br \/>\nDurante este per\u00edodo de festas juninas, algumas pessoas acabam exagerando no consumo das drogas l\u00edcitas como o \u00e1lcool e o cigarro, assim como as il\u00edcitas. Apesar de todas as campanhas de conscientiza\u00e7\u00e3o muitas pessoas ainda se submetem aos riscos e aos preju\u00edzos que as drogas podem trazer \u00e0 sa\u00fade e a fertilidade do homem e da mulher.<\/p>\n<p>Danos ao beb\u00ea &#8211; De acordo com a Organiza\u00e7\u00e3o Mundial de Sa\u00fade (OMS), a cada ano, 12.000 beb\u00eas no mundo nascem com a S\u00edndrome do Alcoolismo Fetal (SAF) caracterizada pelo retardo no crescimento do feto, dismorfismo facial (microcefalia, fenda palatina, nariz pequeno, altera\u00e7\u00f5es oculares, fissura palpebral pequena, entre outras), altera\u00e7\u00e3o do comportamento, retardo mental, altera\u00e7\u00f5es card\u00edacas, renais, esquel\u00e9ticas, al\u00e9m de v\u00e1rias altera\u00e7\u00f5es no sistema nervoso central. As bebidas alco\u00f3licas representam um dos riscos mais significativos para o feto, que variam de acordo com o n\u00edvel de consumo e a frequ\u00eancia de uso.<\/p>\n<p>Segundo a ginecologista e especialista em Reprodu\u00e7\u00e3o Humana do Instituto Verhum, Dra. Nat\u00e1lia Zavattiero, o etanol atravessa livremente a barreira placent\u00e1ria atingindo o l\u00edquido amni\u00f3tico e o feto. &#8220;A concentra\u00e7\u00e3o do \u00e1lcool no sangue materno e fetal \u00e9 semelhante. O metabolismo do etanol no feto \u00e9 mais lento, pois h\u00e1 imaturidade de enzimas no f\u00edgado respons\u00e1veis por este procedimento&#8221;, esclarece a m\u00e9dica.<\/p>\n<p>Danos \u00e0 fertilidade &#8211; A depend\u00eancia qu\u00edmica \u00e9 uma doen\u00e7a cr\u00f4nica, f\u00edsica e emocional cujo tratamento requer uma profunda mudan\u00e7a de atitude por parte do dependente e de sua fam\u00edlia. O \u00e1lcool, bem como as demais drogas como o cigarro, maconha ou coca\u00edna, acarretam altera\u00e7\u00f5es na fertilidade feminina e masculina. O cigarro interfere na fertilidade de v\u00e1rias maneiras. No homem, ele causa altera\u00e7\u00f5es no formato da morfologia dos espermatoz\u00f3ides dificultando a fertiliza\u00e7\u00e3o do \u00f3vulo. Na mulher, o cigarro afeta na gesta\u00e7\u00e3o, aumentando os \u00edndices de abortamento, ou ruptura prematura das membranas.<\/p>\n<p>Segundo o ginecologista e especialista em Reprodu\u00e7\u00e3o Humana do Instituto Verhum, o tabaco apresenta grandes riscos \u00e0quela mulher que pretende engravidar. &#8220;O cigarro causa altera\u00e7\u00f5es cromoss\u00f4micas no embri\u00e3o que se formar\u00e1 em quantidades anormais; o que provoca tamb\u00e9m um \u00edndice maior de abortamento&#8221;. Quando a m\u00e3e est\u00e1 amamentando a nicotina \u00e9 degradada pelo organismo e passa atrav\u00e9s do leite. A nicotina forma, tamb\u00e9m, uma subst\u00e2ncia t\u00f3xica que se concentra no colo do \u00fatero dificultando a implanta\u00e7\u00e3o do \u00f3vulo e aumentando as chances de c\u00e2ncer na regi\u00e3o do colo.<\/p>\n<p>Os riscos e os preju\u00edzos que as drogas trazem \u00e0 sa\u00fade s\u00e3o imensos e influenciam de forma relevante na forma reprodutiva. Segundo Dr. Vinicius, as mulheres que fumam possuem uma vida reprodutiva menor e entram na menopausa mais cedo, al\u00e9m dos riscos j\u00e1 estabelecidos como o c\u00e2ncer de pulm\u00e3o, por exemplo. &#8220;O ideal \u00e9 que a mulher n\u00e3o fume, tenha h\u00e1bitos saud\u00e1veis, alimente-se adequadamente e pratique atividades f\u00edsicas para que tenha melhores resultados em uma poss\u00edvel gesta\u00e7\u00e3o&#8221;, alerta o m\u00e9dico.<\/p>\n<p>Fonte: ED Comunica\u00e7\u00e3o<\/p>\n","protected":false},"excerpt":{"rendered":"<p>As drogas tornaram-se um problema t\u00e3o comum e relevante \u00e0 sociedade que em 1987 a Organiza\u00e7\u00e3o das Na\u00e7\u00f5es Unidas (ONU) instituiu o dia 26 de junho como sendo o Dia Internacional Contra o Uso e o Tr\u00e1fico de Drogas. Nessa data, acontecem atividades sociais com a finalidade de aumentar a consci\u00eancia do planeta para o [&hellip;]<\/p>\n","protected":false},"author":3,"featured_media":0,"comment_status":"open","ping_status":"open","sticky":false,"template":"","format":"standard","meta":{"tdm_status":"","tdm_grid_status":"","footnotes":""},"categories":[5],"tags":[],"class_list":{"0":"post-3691","1":"post","2":"type-post","3":"status-publish","4":"format-standard","6":"category-saude-e-vida"},"_links":{"self":[{"href":"https:\/\/migracao.redenoticia.com.br\/noticia\/wp-json\/wp\/v2\/posts\/3691","targetHints":{"allow":["GET"]}}],"collection":[{"href":"https:\/\/migracao.redenoticia.com.br\/noticia\/wp-json\/wp\/v2\/posts"}],"about":[{"href":"https:\/\/migracao.redenoticia.com.br\/noticia\/wp-json\/wp\/v2\/types\/post"}],"author":[{"embeddable":true,"href":"https:\/\/migracao.redenoticia.com.br\/noticia\/wp-json\/wp\/v2\/users\/3"}],"replies":[{"embeddable":true,"href":"https:\/\/migracao.redenoticia.com.br\/noticia\/wp-json\/wp\/v2\/comments?post=3691"}],"version-history":[{"count":0,"href":"https:\/\/migracao.redenoticia.com.br\/noticia\/wp-json\/wp\/v2\/posts\/3691\/revisions"}],"wp:attachment":[{"href":"https:\/\/migracao.redenoticia.com.br\/noticia\/wp-json\/wp\/v2\/media?parent=3691"}],"wp:term":[{"taxonomy":"category","embeddable":true,"href":"https:\/\/migracao.redenoticia.com.br\/noticia\/wp-json\/wp\/v2\/categories?post=3691"},{"taxonomy":"post_tag","embeddable":true,"href":"https:\/\/migracao.redenoticia.com.br\/noticia\/wp-json\/wp\/v2\/tags?post=3691"}],"curies":[{"name":"wp","href":"https:\/\/api.w.org\/{rel}","templated":true}]}}