{"id":36923,"date":"2011-10-17T17:44:03","date_gmt":"2011-10-17T19:44:03","guid":{"rendered":"http:\/\/www.redenoticia.com.br\/noticia\/?p=36923"},"modified":"2011-10-17T17:44:03","modified_gmt":"2011-10-17T19:44:03","slug":"inscricao-para-o-enem-dos-presidios-segue-ate-sexta-feira","status":"publish","type":"post","link":"https:\/\/migracao.redenoticia.com.br\/noticia\/2011\/inscricao-para-o-enem-dos-presidios-segue-ate-sexta-feira\/36923","title":{"rendered":"Inscri\u00e7\u00e3o para o Enem dos pres\u00eddios segue at\u00e9 sexta-feira"},"content":{"rendered":"<p><em><strong><img loading=\"lazy\" decoding=\"async\" class=\"alignleft size-full wp-image-22504\" title=\"enem inscricao\" src=\"https:\/\/migracao.redenoticia.com.br\/noticia\/imagens\/enem-inscricao.jpg\" alt=\"\" width=\"300\" height=\"193\" srcset=\"https:\/\/migracao.redenoticia.com.br\/noticia\/imagens\/enem-inscricao.jpg 300w, https:\/\/migracao.redenoticia.com.br\/noticia\/imagens\/enem-inscricao-250x160.jpg 250w, https:\/\/migracao.redenoticia.com.br\/noticia\/imagens\/enem-inscricao-150x96.jpg 150w\" sizes=\"auto, (max-width: 300px) 100vw, 300px\" \/>Enem<\/strong><\/em> \u2013 termina na sexta-feira (21) o prazo de inscri\u00e7\u00e3o para os presos e internos de unidades socioeducativas que queiram participar da edi\u00e7\u00e3o do Exame Nacional do Ensino M\u00e9dio (Enem) deste ano que ser\u00e1 aplicada nesses locais. O per\u00edodo terminaria hoje (17), mas foi prorrogado pelo Minist\u00e9rio da Educa\u00e7\u00e3o (MEC).<\/p>\n<p>As inscri\u00e7\u00f5es devem ser feitas pelos coordenadores pedag\u00f3gicos dessas unidades at\u00e9 as 18h de sexta-feira, <a href=\"http:\/\/sistemasespeciais.inep.gov.br\/unidadesprisionais\/\" rel=\"nofollow\" target=\"_blank\">pela internet<\/a>. As provas ser\u00e3o aplicadas nos dias 28 e 29 de novembro, nos estabelecimentos prisionais e nas unidades de interna\u00e7\u00e3o. Em 2010,14 mil internos de cerca de 500 pres\u00eddios se inscreveram no exame.<\/p>\n<p>O coordenador tamb\u00e9m ficar\u00e1 respons\u00e1vel por acessar os resultados obtidos pelos participantes e encaminhar os processos seguintes. Com a nota em m\u00e3os, o preso pode solicitar \u00e0 Secretaria de Educa\u00e7\u00e3o do estado o certificado de conclus\u00e3o do ensino m\u00e9dio ou participar do Sistema de Sele\u00e7\u00e3o Unificado (Sisu) que seleciona para vagas em institui\u00e7\u00f5es p\u00fablicas de ensino superior a partir do Enem. Mais informa\u00e7\u00f5es no <a href=\"http:\/\/download.inep.gov.br\/educacao_basica\/enem\/legislacao\/2011\/edital_10_29092011.pdf\" rel=\"nofollow\">edital da prova<\/a>.<\/p>\n<p>&nbsp;<\/p>\n<p>Amanda Cieglinski<br \/>\nRep\u00f3rter da Ag\u00eancia Brasil<br \/>\nEdi\u00e7\u00e3o: L\u00edlian Beraldo<\/p>\n","protected":false},"excerpt":{"rendered":"<p>Enem \u2013 termina na sexta-feira (21) o prazo de inscri\u00e7\u00e3o para os presos e internos de unidades socioeducativas que queiram participar da edi\u00e7\u00e3o do Exame Nacional do Ensino M\u00e9dio (Enem) deste ano que ser\u00e1 aplicada nesses locais. O per\u00edodo terminaria hoje (17), mas foi prorrogado pelo Minist\u00e9rio da Educa\u00e7\u00e3o (MEC). As inscri\u00e7\u00f5es devem ser feitas [&hellip;]<\/p>\n","protected":false},"author":3,"featured_media":22504,"comment_status":"open","ping_status":"closed","sticky":false,"template":"","format":"standard","meta":{"tdm_status":"","tdm_grid_status":"","footnotes":""},"categories":[22],"tags":[],"class_list":{"0":"post-36923","1":"post","2":"type-post","3":"status-publish","4":"format-standard","5":"has-post-thumbnail","7":"category-brasil"},"_links":{"self":[{"href":"https:\/\/migracao.redenoticia.com.br\/noticia\/wp-json\/wp\/v2\/posts\/36923","targetHints":{"allow":["GET"]}}],"collection":[{"href":"https:\/\/migracao.redenoticia.com.br\/noticia\/wp-json\/wp\/v2\/posts"}],"about":[{"href":"https:\/\/migracao.redenoticia.com.br\/noticia\/wp-json\/wp\/v2\/types\/post"}],"author":[{"embeddable":true,"href":"https:\/\/migracao.redenoticia.com.br\/noticia\/wp-json\/wp\/v2\/users\/3"}],"replies":[{"embeddable":true,"href":"https:\/\/migracao.redenoticia.com.br\/noticia\/wp-json\/wp\/v2\/comments?post=36923"}],"version-history":[{"count":0,"href":"https:\/\/migracao.redenoticia.com.br\/noticia\/wp-json\/wp\/v2\/posts\/36923\/revisions"}],"wp:featuredmedia":[{"embeddable":true,"href":"https:\/\/migracao.redenoticia.com.br\/noticia\/wp-json\/wp\/v2\/media\/22504"}],"wp:attachment":[{"href":"https:\/\/migracao.redenoticia.com.br\/noticia\/wp-json\/wp\/v2\/media?parent=36923"}],"wp:term":[{"taxonomy":"category","embeddable":true,"href":"https:\/\/migracao.redenoticia.com.br\/noticia\/wp-json\/wp\/v2\/categories?post=36923"},{"taxonomy":"post_tag","embeddable":true,"href":"https:\/\/migracao.redenoticia.com.br\/noticia\/wp-json\/wp\/v2\/tags?post=36923"}],"curies":[{"name":"wp","href":"https:\/\/api.w.org\/{rel}","templated":true}]}}