{"id":36937,"date":"2011-12-21T09:15:43","date_gmt":"2011-12-21T11:15:43","guid":{"rendered":"http:\/\/www.redenoticia.com.br\/noticia\/?p=36937"},"modified":"2011-12-21T21:03:22","modified_gmt":"2011-12-21T23:03:22","slug":"enem-2011-previsao-do-gabarito-e-resultado-individual","status":"publish","type":"post","link":"https:\/\/migracao.redenoticia.com.br\/noticia\/2011\/enem-2011-previsao-do-gabarito-e-resultado-individual\/36937","title":{"rendered":"Enem 2011 &#8211; gabarito e resultado individual"},"content":{"rendered":"<p><em><strong><img loading=\"lazy\" decoding=\"async\" class=\"alignleft size-full wp-image-36938\" title=\"enem gabarito resultado\" src=\"https:\/\/migracao.redenoticia.com.br\/noticia\/imagens\/enem-gabarito-resultado.jpg\" alt=\"\" width=\"300\" height=\"193\" srcset=\"https:\/\/migracao.redenoticia.com.br\/noticia\/imagens\/enem-gabarito-resultado.jpg 300w, https:\/\/migracao.redenoticia.com.br\/noticia\/imagens\/enem-gabarito-resultado-250x161.jpg 250w, https:\/\/migracao.redenoticia.com.br\/noticia\/imagens\/enem-gabarito-resultado-150x97.jpg 150w\" sizes=\"auto, (max-width: 300px) 100vw, 300px\" \/>Enem 2011<\/strong><\/em> &#8211; os <em><strong>gabaritos <\/strong><\/em>oficiais\u00a0das <em><strong>provas<\/strong><\/em> objetivas foram divulgados na p\u00e1gina do Inep, no endere\u00e7o eletr\u00f4nico <a href=\"http:\/\/www.inep.gov.br\/\" target=\"_blank\">www.inep.gov.br<\/a>. O Estad\u00e3o tamb\u00e9m disponibilizou os gabaritos oficiais no seu <a href=\"http:\/\/www.estadao.com.br\/noticias\/vidae,inep-divulga-gabarito-oficial-do-enem-2011,790394,0.htm\" target=\"_blank\">endere\u00e7o\u00a0eletr\u00f4nico<\/a>. O Uol publicou os gabaritos das provas corrigidas por professores no endere\u00e7o\u00a0eletr\u00f4nico\u00a0UOL vestibular Enem (<a href=\"http:\/\/vestibular.uol.com.br\/correcaoonline\/6492-2-home.jhtm\" target=\"_blank\">clique aqui<\/a>). A Abril tamb\u00e9m publicou os gabaritos das provas corrigidas por professores no endere\u00e7o Veja Abril Enem 2011: primeiro dia\u00a0<a href=\"http:\/\/veja.abril.com.br\/noticia\/educacao\/enem-2011-confira-o-gabarito-do-primeiro-dia-de-provas\" target=\"_blank\">clique aqui<\/a>, e segundo dia <a href=\"http:\/\/veja.abril.com.br\/noticia\/educacao\/enem-2011-confira-o-gabarito-do-segundo-dia-de-provas\" target=\"_blank\">clique aqui<\/a>.<\/p>\n<p>Os participantes Enem 2011\u00a0poder\u00e3o acessar os<a href=\"http:\/\/sistemasenem2.inep.gov.br\/resultadosenem\/\" target=\"_blank\"> resultados individuais<\/a> do Enem 2011, a partir de 21 de dezembro de 2011, mediante inser\u00e7\u00e3o do n\u00famero de inscri\u00e7\u00e3o e senha ou CPF e senha.<\/p>\n<p>Os port\u00f5es de acesso Enem 2011\u00a0abrem \u00e0s 12h e fecham \u00e0s 13h. Recomenda-se que todos os participantes compare\u00e7am ao local de realiza\u00e7\u00e3o das provas at\u00e9 \u00e0s 12h, de acordo com o hor\u00e1rio oficial de Bras\u00edlia.<\/p>\n<p>Como s\u00e3o as provas &#8211; o\u00a0Enem 2011\u00a0\u00e9 composto por quatro provas objetivas com 45 quest\u00f5es cada e uma reda\u00e7\u00e3o. Confira os dias da prova:<\/p>\n<p>Dia 22\/10\/2011 (1\u00ba dia): Ci\u00eancias Humanas e suas Tecnologias e Ci\u00eancias da Natureza e suas Tecnologias.<br \/>\nTempo para a prova: 4h30<\/p>\n<p>Dia 23\/10\/2011 (2\u00ba dia): Linguagens, C\u00f3digos e suas Tecnologias, Reda\u00e7\u00e3o e Matem\u00e1tica e suas Tecnologias.<br \/>\nTempo para a prova: 5h30<\/p>\n<p>Antes de iniciar as provas Enem 2011\u00a0verifique se o seu caderno de quest\u00f5es cont\u00e9m a\u00a0quantidade de quest\u00f5es indicadas no seu cart\u00e3o de respostas.<\/p>\n<p>Fique atento! O participante Enem 2011\u00a0deve marcar nos cart\u00f5es resposta a op\u00e7\u00e3o correspondente \u00e0 cor da capa do caderno de quest\u00f5es e transcrever, nos cart\u00f5es resposta, a frase apresentada na capa de seu caderno de quest\u00f5es. Os rascunhos e as marca\u00e7\u00f5es assinaladas nos cadernos de quest\u00f5es n\u00e3o ser\u00e3o considerados para fins de corre\u00e7\u00e3o.<\/p>\n<p>S\u00f3 podem levar cadernos de quest\u00f5es alunos que saiam nos \u00faltimos 30 minutos que antecedem o t\u00e9rmino da prova. Os tr\u00eas \u00faltimos participantes presentes na sala de prova Enem 2011\u00a0s\u00f3 ser\u00e3o liberados juntos.<\/p>\n","protected":false},"excerpt":{"rendered":"<p>Enem 2011 &#8211; os gabaritos oficiais\u00a0das provas objetivas foram divulgados na p\u00e1gina do Inep, no endere\u00e7o eletr\u00f4nico www.inep.gov.br. O Estad\u00e3o tamb\u00e9m disponibilizou os gabaritos oficiais no seu endere\u00e7o\u00a0eletr\u00f4nico. O Uol publicou os gabaritos das provas corrigidas por professores no endere\u00e7o\u00a0eletr\u00f4nico\u00a0UOL vestibular Enem (clique aqui). A Abril tamb\u00e9m publicou os gabaritos das provas corrigidas por professores [&hellip;]<\/p>\n","protected":false},"author":3,"featured_media":36938,"comment_status":"open","ping_status":"closed","sticky":false,"template":"","format":"standard","meta":{"tdm_status":"","tdm_grid_status":"","footnotes":""},"categories":[22,370,295],"tags":[],"class_list":{"0":"post-36937","1":"post","2":"type-post","3":"status-publish","4":"format-standard","5":"has-post-thumbnail","7":"category-brasil","8":"category-inscricao","9":"category-vestibular"},"_links":{"self":[{"href":"https:\/\/migracao.redenoticia.com.br\/noticia\/wp-json\/wp\/v2\/posts\/36937","targetHints":{"allow":["GET"]}}],"collection":[{"href":"https:\/\/migracao.redenoticia.com.br\/noticia\/wp-json\/wp\/v2\/posts"}],"about":[{"href":"https:\/\/migracao.redenoticia.com.br\/noticia\/wp-json\/wp\/v2\/types\/post"}],"author":[{"embeddable":true,"href":"https:\/\/migracao.redenoticia.com.br\/noticia\/wp-json\/wp\/v2\/users\/3"}],"replies":[{"embeddable":true,"href":"https:\/\/migracao.redenoticia.com.br\/noticia\/wp-json\/wp\/v2\/comments?post=36937"}],"version-history":[{"count":0,"href":"https:\/\/migracao.redenoticia.com.br\/noticia\/wp-json\/wp\/v2\/posts\/36937\/revisions"}],"wp:featuredmedia":[{"embeddable":true,"href":"https:\/\/migracao.redenoticia.com.br\/noticia\/wp-json\/wp\/v2\/media\/36938"}],"wp:attachment":[{"href":"https:\/\/migracao.redenoticia.com.br\/noticia\/wp-json\/wp\/v2\/media?parent=36937"}],"wp:term":[{"taxonomy":"category","embeddable":true,"href":"https:\/\/migracao.redenoticia.com.br\/noticia\/wp-json\/wp\/v2\/categories?post=36937"},{"taxonomy":"post_tag","embeddable":true,"href":"https:\/\/migracao.redenoticia.com.br\/noticia\/wp-json\/wp\/v2\/tags?post=36937"}],"curies":[{"name":"wp","href":"https:\/\/api.w.org\/{rel}","templated":true}]}}