{"id":36956,"date":"2011-10-19T17:55:26","date_gmt":"2011-10-19T19:55:26","guid":{"rendered":"http:\/\/www.redenoticia.com.br\/noticia\/?p=36956"},"modified":"2011-10-19T17:56:23","modified_gmt":"2011-10-19T19:56:23","slug":"enem-locais-de-prova-alterados","status":"publish","type":"post","link":"https:\/\/migracao.redenoticia.com.br\/noticia\/2011\/enem-locais-de-prova-alterados\/36956","title":{"rendered":"Enem &#8211; locais de prova alterados"},"content":{"rendered":"<p><img loading=\"lazy\" decoding=\"async\" class=\"alignleft size-full wp-image-22504\" title=\"enem inscricao\" src=\"https:\/\/migracao.redenoticia.com.br\/noticia\/imagens\/enem-inscricao.jpg\" alt=\"\" width=\"300\" height=\"193\" srcset=\"https:\/\/migracao.redenoticia.com.br\/noticia\/imagens\/enem-inscricao.jpg 300w, https:\/\/migracao.redenoticia.com.br\/noticia\/imagens\/enem-inscricao-250x160.jpg 250w, https:\/\/migracao.redenoticia.com.br\/noticia\/imagens\/enem-inscricao-150x96.jpg 150w\" sizes=\"auto, (max-width: 300px) 100vw, 300px\" \/>Bras\u00edlia &#8211; Candidatos do Exame Nacional do Ensino M\u00e9dio (<em><strong>Enem<\/strong><\/em>) de pelo menos oito cidades tiveram seus locais de prova alterados em fun\u00e7\u00e3o de problemas clim\u00e1ticos ou de log\u00edstica. As provas ser\u00e3o aplicadas no fim de semana (22 e 23 de outubro) a 5,3 milh\u00f5es de inscritos.<\/p>\n<p>Segundo o Minist\u00e9rio da Educa\u00e7\u00e3o (MEC), as realoca\u00e7\u00f5es ocorreram em dez dos 14 mil locais de prova. O principal caso foi registrado no Rio de Janeiro onde 1.200 participantes receberam o cart\u00e3o de confirma\u00e7\u00e3o com o endere\u00e7o errado dos locais de prova. O documento informava como local a reitoria da Universidade Estadual do Rio de Janeiro (Unirio), mas, na verdade, os candidatos far\u00e3o o exame no Centro de Letras e Artes da institui\u00e7\u00e3o. De acordo com o MEC, todos os estudantes foram avisados da altera\u00e7\u00e3o no fim de semana passado por telefone, SMS e email.<\/p>\n<p>Em Manaus, candidatos de tr\u00eas locais tiveram que ser remanejados porque as escolas onde seriam aplicadas as provas foram destelhadas em fun\u00e7\u00e3o das fortes chuvas. O mesmo problema ocorreu em outro local de prova na cidade de Humait\u00e1 (AM). Em Al\u00e9m Para\u00edba (MG), um festival de motociclismo ocorrer\u00e1 ao lado de uma escola onde seriam aplicadas provas. Os candidatos foram realocados porque poderiam ser prejudicados pelo barulho. Em Camet\u00e1 (PA), a transfer\u00eancia de candidatos para outras salas de prova se deu em fun\u00e7\u00e3o da festa do padroeiro da cidade que poderia tumultuar a aplica\u00e7\u00e3o.<\/p>\n<p>No Distrito Federal, candidatos foram alocados para fazer prova em uma escola da zona rural do Parano\u00e1, periferia de Bras\u00edlia. Em fun\u00e7\u00e3o da dificuldade com o transporte p\u00fablico nessas regi\u00f5es, especialmente no fim de semana, foram transferidos para o per\u00edmetro urbano da regi\u00e3o. No Cear\u00e1, participantes de Fortaleza e de S\u00e3o Gon\u00e7alo do Amarante foram transferidos porque as escolas escolhidas \u201cn\u00e3o ofereciam condi\u00e7\u00f5es favor\u00e1veis \u00e0 realiza\u00e7\u00e3o das provas\u201d, segundo o MEC.<\/p>\n<p>De acordo com o minist\u00e9rio, no dia da prova, ocons\u00f3rcio Cespe-Cesgranrio, respons\u00e1vel pela aplica\u00e7\u00e3o do Enem, ir\u00e1 sinalizar com faixas essas mudan\u00e7as nos locais originais de prova. Tamb\u00e9m haver\u00e1 transporte dispon\u00edvel para levar os alunos at\u00e9 os novos locais, caso seja necess\u00e1rio. Assim como os candidatos do Rio de Janeiro, os participantes das demais cidades foram alertados sobre a mudan\u00e7a via email, SMS e telefone.<\/p>\n<p>Amanda Cieglinski<br \/>\nRep\u00f3rter da Ag\u00eancia Brasil<br \/>\nEdi\u00e7\u00e3o: L\u00edlian Beraldo<\/p>\n","protected":false},"excerpt":{"rendered":"<p>Bras\u00edlia &#8211; Candidatos do Exame Nacional do Ensino M\u00e9dio (Enem) de pelo menos oito cidades tiveram seus locais de prova alterados em fun\u00e7\u00e3o de problemas clim\u00e1ticos ou de log\u00edstica. As provas ser\u00e3o aplicadas no fim de semana (22 e 23 de outubro) a 5,3 milh\u00f5es de inscritos. Segundo o Minist\u00e9rio da Educa\u00e7\u00e3o (MEC), as realoca\u00e7\u00f5es [&hellip;]<\/p>\n","protected":false},"author":3,"featured_media":22504,"comment_status":"open","ping_status":"closed","sticky":false,"template":"","format":"standard","meta":{"tdm_status":"","tdm_grid_status":"","footnotes":""},"categories":[22,370,295],"tags":[],"class_list":{"0":"post-36956","1":"post","2":"type-post","3":"status-publish","4":"format-standard","5":"has-post-thumbnail","7":"category-brasil","8":"category-inscricao","9":"category-vestibular"},"_links":{"self":[{"href":"https:\/\/migracao.redenoticia.com.br\/noticia\/wp-json\/wp\/v2\/posts\/36956","targetHints":{"allow":["GET"]}}],"collection":[{"href":"https:\/\/migracao.redenoticia.com.br\/noticia\/wp-json\/wp\/v2\/posts"}],"about":[{"href":"https:\/\/migracao.redenoticia.com.br\/noticia\/wp-json\/wp\/v2\/types\/post"}],"author":[{"embeddable":true,"href":"https:\/\/migracao.redenoticia.com.br\/noticia\/wp-json\/wp\/v2\/users\/3"}],"replies":[{"embeddable":true,"href":"https:\/\/migracao.redenoticia.com.br\/noticia\/wp-json\/wp\/v2\/comments?post=36956"}],"version-history":[{"count":0,"href":"https:\/\/migracao.redenoticia.com.br\/noticia\/wp-json\/wp\/v2\/posts\/36956\/revisions"}],"wp:featuredmedia":[{"embeddable":true,"href":"https:\/\/migracao.redenoticia.com.br\/noticia\/wp-json\/wp\/v2\/media\/22504"}],"wp:attachment":[{"href":"https:\/\/migracao.redenoticia.com.br\/noticia\/wp-json\/wp\/v2\/media?parent=36956"}],"wp:term":[{"taxonomy":"category","embeddable":true,"href":"https:\/\/migracao.redenoticia.com.br\/noticia\/wp-json\/wp\/v2\/categories?post=36956"},{"taxonomy":"post_tag","embeddable":true,"href":"https:\/\/migracao.redenoticia.com.br\/noticia\/wp-json\/wp\/v2\/tags?post=36956"}],"curies":[{"name":"wp","href":"https:\/\/api.w.org\/{rel}","templated":true}]}}