{"id":36965,"date":"2011-10-20T16:55:46","date_gmt":"2011-10-20T18:55:46","guid":{"rendered":"http:\/\/www.redenoticia.com.br\/noticia\/?p=36965"},"modified":"2011-10-20T16:55:46","modified_gmt":"2011-10-20T18:55:46","slug":"mulheres-mil-participacao-na-semana-de-ciencia","status":"publish","type":"post","link":"https:\/\/migracao.redenoticia.com.br\/noticia\/2011\/mulheres-mil-participacao-na-semana-de-ciencia\/36965","title":{"rendered":"Mulheres Mil &#8211; participa\u00e7\u00e3o na Semana de Ci\u00eancia"},"content":{"rendered":"<p><img loading=\"lazy\" decoding=\"async\" class=\"alignleft size-full wp-image-36177\" title=\"mulher mil\" src=\"https:\/\/migracao.redenoticia.com.br\/noticia\/imagens\/mulher-mil.jpg\" alt=\"\" width=\"300\" height=\"193\" srcset=\"https:\/\/migracao.redenoticia.com.br\/noticia\/imagens\/mulher-mil.jpg 300w, https:\/\/migracao.redenoticia.com.br\/noticia\/imagens\/mulher-mil-250x161.jpg 250w, https:\/\/migracao.redenoticia.com.br\/noticia\/imagens\/mulher-mil-150x97.jpg 150w\" sizes=\"auto, (max-width: 300px) 100vw, 300px\" \/>O Programa <em><strong>Mulheres Mil<\/strong><\/em> ter\u00e1 um estande em Bras\u00edlia na Semana Nacional de Ci\u00eancia e Tecnologia, evento que se realiza em 540 cidades de todo o pa\u00eds, a partir desta quarta-feira, 19, at\u00e9 domingo, 23 de outubro. De acordo com a coordenadora do Centro Nacional de Refer\u00eancia do programa, Jane Christina Pereira, o objetivo da participa\u00e7\u00e3o \u00e9 divulgar as a\u00e7\u00f5es do Mulheres Mil e sensibilizar o p\u00fablico visitante para a quest\u00e3o de g\u00eanero.<\/p>\n<p>Um manequim com um cora\u00e7\u00e3o no lugar da cabe\u00e7a destaca textos de mulheres atendidas pelo Mulheres Mil. Os textos, fixados com el\u00e1sticos pretos, formam uma teia que Jane interpreta como teia de possibilidades, devido a a\u00e7\u00f5es de forma\u00e7\u00e3o e de capacita\u00e7\u00e3o que o Mulheres Mil oferece \u00e0s mulheres que atende e acolhe, todas em situa\u00e7\u00e3o de vulnerabilidade social.<\/p>\n<p>\u201cQuando voc\u00ea est\u00e1 desempregada as pessoas meio que te esquecem, n\u00e3o lembram de voc\u00ea, n\u00e3o te respeitam\u201d, diz uma das frases expostas na instala\u00e7\u00e3o. As frases foram retiradas de livros que descrevem a\u00e7\u00f5es do programa e que procurm dar voz a pessoas atendidas.<\/p>\n<p>Capacita\u00e7\u00e3o \u2013 O Programa Mulheres Mil tem o objetivo de capacitar mulheres em todo o pa\u00eds, por interm\u00e9dio dos institutos federais de educa\u00e7\u00e3o, ci\u00eancia e tecnologia e v\u00e1rias outras institui\u00e7\u00f5es parceiras. Atualmente, est\u00e1 em implanta\u00e7\u00e3o, ou j\u00e1 em funcionamento, em 100 unidades dos institutos.<\/p>\n<p>Assessoria de Imprensa da Setec, com informa\u00e7\u00f5es da Assessoria de Imprensa do Instituto Federal de Bras\u00edlia<\/p>\n<p><a href=\"http:\/\/mulheresmil.mec.gov.br\/\" target=\"_blank\">Saiba<\/a> mais sobre o programa Mulheres Mil<\/p>\n","protected":false},"excerpt":{"rendered":"<p>O Programa Mulheres Mil ter\u00e1 um estande em Bras\u00edlia na Semana Nacional de Ci\u00eancia e Tecnologia, evento que se realiza em 540 cidades de todo o pa\u00eds, a partir desta quarta-feira, 19, at\u00e9 domingo, 23 de outubro. De acordo com a coordenadora do Centro Nacional de Refer\u00eancia do programa, Jane Christina Pereira, o objetivo da [&hellip;]<\/p>\n","protected":false},"author":3,"featured_media":36177,"comment_status":"open","ping_status":"closed","sticky":false,"template":"","format":"standard","meta":{"tdm_status":"","tdm_grid_status":"","footnotes":""},"categories":[22],"tags":[],"class_list":{"0":"post-36965","1":"post","2":"type-post","3":"status-publish","4":"format-standard","5":"has-post-thumbnail","7":"category-brasil"},"_links":{"self":[{"href":"https:\/\/migracao.redenoticia.com.br\/noticia\/wp-json\/wp\/v2\/posts\/36965","targetHints":{"allow":["GET"]}}],"collection":[{"href":"https:\/\/migracao.redenoticia.com.br\/noticia\/wp-json\/wp\/v2\/posts"}],"about":[{"href":"https:\/\/migracao.redenoticia.com.br\/noticia\/wp-json\/wp\/v2\/types\/post"}],"author":[{"embeddable":true,"href":"https:\/\/migracao.redenoticia.com.br\/noticia\/wp-json\/wp\/v2\/users\/3"}],"replies":[{"embeddable":true,"href":"https:\/\/migracao.redenoticia.com.br\/noticia\/wp-json\/wp\/v2\/comments?post=36965"}],"version-history":[{"count":0,"href":"https:\/\/migracao.redenoticia.com.br\/noticia\/wp-json\/wp\/v2\/posts\/36965\/revisions"}],"wp:featuredmedia":[{"embeddable":true,"href":"https:\/\/migracao.redenoticia.com.br\/noticia\/wp-json\/wp\/v2\/media\/36177"}],"wp:attachment":[{"href":"https:\/\/migracao.redenoticia.com.br\/noticia\/wp-json\/wp\/v2\/media?parent=36965"}],"wp:term":[{"taxonomy":"category","embeddable":true,"href":"https:\/\/migracao.redenoticia.com.br\/noticia\/wp-json\/wp\/v2\/categories?post=36965"},{"taxonomy":"post_tag","embeddable":true,"href":"https:\/\/migracao.redenoticia.com.br\/noticia\/wp-json\/wp\/v2\/tags?post=36965"}],"curies":[{"name":"wp","href":"https:\/\/api.w.org\/{rel}","templated":true}]}}