{"id":36967,"date":"2011-10-20T16:58:47","date_gmt":"2011-10-20T18:58:47","guid":{"rendered":"http:\/\/www.redenoticia.com.br\/noticia\/?p=36967"},"modified":"2011-10-20T16:58:47","modified_gmt":"2011-10-20T18:58:47","slug":"participantes-do-enem-em-busca-de-diploma-do-ensino-medio","status":"publish","type":"post","link":"https:\/\/migracao.redenoticia.com.br\/noticia\/2011\/participantes-do-enem-em-busca-de-diploma-do-ensino-medio\/36967","title":{"rendered":"Participantes do Enem em busca de diploma do ensino m\u00e9dio"},"content":{"rendered":"<p><img loading=\"lazy\" decoding=\"async\" class=\"alignleft size-full wp-image-36938\" title=\"enem gabarito resultado\" src=\"https:\/\/migracao.redenoticia.com.br\/noticia\/imagens\/enem-gabarito-resultado.jpg\" alt=\"\" width=\"300\" height=\"193\" srcset=\"https:\/\/migracao.redenoticia.com.br\/noticia\/imagens\/enem-gabarito-resultado.jpg 300w, https:\/\/migracao.redenoticia.com.br\/noticia\/imagens\/enem-gabarito-resultado-250x161.jpg 250w, https:\/\/migracao.redenoticia.com.br\/noticia\/imagens\/enem-gabarito-resultado-150x97.jpg 150w\" sizes=\"auto, (max-width: 300px) 100vw, 300px\" \/>Bras\u00edlia \u2013 Parte dos 5,3 milh\u00f5es de candidatos que far\u00e3o as provas do Exame Nacional do Ensino M\u00e9dio (<em><strong>Enem<\/strong><\/em>) no final de semana n\u00e3o tem como principal objetivo conseguir uma vaga em universidade p\u00fablica ou uma bolsa no Programa Universidade para Todos (ProUni). Cerca de 545 mil participantes declararam na ficha de inscri\u00e7\u00e3o que est\u00e3o em busca do certificado de conclus\u00e3o do ensino m\u00e9dio, que pode ser obtido sem que a etapa tenha sido conclu\u00edda a partir do desempenho na prova.<\/p>\n<p>Desde 2009, participantes maiores de 18 anos que por algum motivo n\u00e3o tenham conclu\u00eddo a educa\u00e7\u00e3o b\u00e1sica na idade esperada podem conseguir o diploma de ensino m\u00e9dio por meio do Enem. O n\u00famero de interessados cresce a cada ano: em 2009, 197 mil candidatos fizeram o Enem com o objetivo de obter a certifica\u00e7\u00e3o. Em 2010, o n\u00famero saltou para 539 mil. O documento \u00e9 expedido pelas secretarias de educa\u00e7\u00e3o e institutos federais.<\/p>\n<p>O aluno pode pedir o certificado de conclus\u00e3o por disciplina ou de toda a etapa. Para isso, precisa atingir notas m\u00ednimas que s\u00e3o estipuladas pelo Minist\u00e9rio da Educa\u00e7\u00e3o (MEC). Em 2009, apenas 69 mil atingiram a nota exigida e conseguiram o certificado. Em 2010, 110 mil foram declarados aptos.<\/p>\n<p>A copeira P\u00e2mela Miranda, 28 anos, espera adiantar os estudos por meio do Enem. Ela \u00e9 aluna do ensino m\u00e9dio no Centro de Estudos Supletivos da Asa Sul (Cesas), que oferece educa\u00e7\u00e3o de jovens e adultos em Bras\u00edlia. \u201cA gente economiza tempo assim e o que sobra podemos estudar para passar em um concurso. Esse \u00e9 o meu objetivo\u201d, conta a estudante. Ela aproveita as aulas para tirar d\u00favidas com os professores sobre a prova e quando sobra tempo estuda em casa.<\/p>\n<p>L\u00edlian de Jesus dos Santos, 32 anos, usa o s\u00e1bado e o domingo para estudar para o Enem, j\u00e1 que durante a semana trabalha como dom\u00e9stica. Gr\u00e1vida de sete meses do seu primeiro filho, ela espera que com o diploma do ensino m\u00e9dio possa tentar uma vaga em um curso t\u00e9cnico na \u00e1rea de nutri\u00e7\u00e3o. \u201cEstudar \u00e0 noite \u00e9 puxado. Mas quando voc\u00ea tem um objetivo voc\u00ea n\u00e3o desiste\u201d, diz.<\/p>\n<p>Ela est\u00e1 dando aten\u00e7\u00e3o especial \u00e0 prepara\u00e7\u00e3o para a reda\u00e7\u00e3o, temida pela maioria dos candidatos. \u201c\u00c9 prioridade porque vale mais pontos\u201d, explica.<\/p>\n<p>Estelita Nascimento, 42 anos, conta com a ajuda do filho que \u00e9 estudante de sociologia na Universidade de Bras\u00edlia (UnB) para se preparar para o Enem. \u201cEstou estudando pelas provas que ele j\u00e1 fez. Foi ele quem fez a minha inscri\u00e7\u00e3o e puxa minha orelha para eu estudar\u201d, conta. Depois de concluir o ensino m\u00e9dio, ela quer cursar enfermagem.<\/p>\n<p>As provas do Enem ser\u00e3o aplicadas neste fim de semana em 40 mil locais de prova, \u00e0s 13h (hor\u00e1rio de Bras\u00edlia). No s\u00e1bado, as provas ser\u00e3o de ci\u00eancias humanas e da natureza. J\u00e1 no domingo, os candidatos responder\u00e3o a quest\u00f5es de matem\u00e1tica e l\u00edngua portuguesa, al\u00e9m da reda\u00e7\u00e3o.<\/p>\n<p>&nbsp;<\/p>\n<p>Amanda Cieglinski<br \/>\nRep\u00f3rter da Ag\u00eancia Brasil<br \/>\nEdi\u00e7\u00e3o: L\u00edlian Beraldo<\/p>\n","protected":false},"excerpt":{"rendered":"<p>Bras\u00edlia \u2013 Parte dos 5,3 milh\u00f5es de candidatos que far\u00e3o as provas do Exame Nacional do Ensino M\u00e9dio (Enem) no final de semana n\u00e3o tem como principal objetivo conseguir uma vaga em universidade p\u00fablica ou uma bolsa no Programa Universidade para Todos (ProUni). Cerca de 545 mil participantes declararam na ficha de inscri\u00e7\u00e3o que est\u00e3o [&hellip;]<\/p>\n","protected":false},"author":3,"featured_media":36938,"comment_status":"open","ping_status":"closed","sticky":false,"template":"","format":"standard","meta":{"tdm_status":"","tdm_grid_status":"","footnotes":""},"categories":[22],"tags":[],"class_list":{"0":"post-36967","1":"post","2":"type-post","3":"status-publish","4":"format-standard","5":"has-post-thumbnail","7":"category-brasil"},"_links":{"self":[{"href":"https:\/\/migracao.redenoticia.com.br\/noticia\/wp-json\/wp\/v2\/posts\/36967","targetHints":{"allow":["GET"]}}],"collection":[{"href":"https:\/\/migracao.redenoticia.com.br\/noticia\/wp-json\/wp\/v2\/posts"}],"about":[{"href":"https:\/\/migracao.redenoticia.com.br\/noticia\/wp-json\/wp\/v2\/types\/post"}],"author":[{"embeddable":true,"href":"https:\/\/migracao.redenoticia.com.br\/noticia\/wp-json\/wp\/v2\/users\/3"}],"replies":[{"embeddable":true,"href":"https:\/\/migracao.redenoticia.com.br\/noticia\/wp-json\/wp\/v2\/comments?post=36967"}],"version-history":[{"count":0,"href":"https:\/\/migracao.redenoticia.com.br\/noticia\/wp-json\/wp\/v2\/posts\/36967\/revisions"}],"wp:featuredmedia":[{"embeddable":true,"href":"https:\/\/migracao.redenoticia.com.br\/noticia\/wp-json\/wp\/v2\/media\/36938"}],"wp:attachment":[{"href":"https:\/\/migracao.redenoticia.com.br\/noticia\/wp-json\/wp\/v2\/media?parent=36967"}],"wp:term":[{"taxonomy":"category","embeddable":true,"href":"https:\/\/migracao.redenoticia.com.br\/noticia\/wp-json\/wp\/v2\/categories?post=36967"},{"taxonomy":"post_tag","embeddable":true,"href":"https:\/\/migracao.redenoticia.com.br\/noticia\/wp-json\/wp\/v2\/tags?post=36967"}],"curies":[{"name":"wp","href":"https:\/\/api.w.org\/{rel}","templated":true}]}}