{"id":3698,"date":"2009-06-25T11:04:43","date_gmt":"2009-06-25T15:04:43","guid":{"rendered":"http:\/\/www.redenoticia.com.br\/noticia\/?p=3698"},"modified":"2009-06-25T11:04:43","modified_gmt":"2009-06-25T15:04:43","slug":"feira-de-embalagens-teve-mais-de-61-mil-visitantes","status":"publish","type":"post","link":"https:\/\/migracao.redenoticia.com.br\/noticia\/2009\/feira-de-embalagens-teve-mais-de-61-mil-visitantes\/3698","title":{"rendered":"Feira de embalagens teve mais de 61 mil visitantes"},"content":{"rendered":"<p>Fispal Tecnologia confirma expectativas e recebe mais de 61 mil visitantes, com previs\u00e3o de movimentar aproximadamente R$ 4 bilh\u00f5es nos pr\u00f3ximos seis meses.<\/p>\n<p>Na \u00faltima semana, S\u00e3o Paulo foi palco da mais importante feira de processamento, embalagem e log\u00edstica para o mercado de alimentos e bebidas na Am\u00e9rica Latina. A 25\u00aa Fispal Tecnologia, realizada no Pavilh\u00e3o de Exposi\u00e7\u00f5es do Anhembi, de 16 a 19 de junho, registrou um p\u00fablico superior a 61 mil profissionais dessa ind\u00fastria em busca das novidades apresentadas por 2.100 expositores, que ocuparam os 70 mil m\u00b2 do pavilh\u00e3o. A feira deve movimentar neg\u00f3cios estimados em aproximadamente R$ 4 bilh\u00f5es ao longo dos pr\u00f3ximos seis meses.<\/p>\n<p>&#8220;As perspectivas s\u00e3o \u00f3timas para o segundo semestre. A ind\u00fastria de alimentos &#8211; visitante de nossa feira &#8211; adiou os investimentos planejados para o primeiro semestre do ano. Agora, com estoques em baixa e com o mercado interno receptivo, planeja retomar projetos que envolvem investimentos em maquin\u00e1rio e embalagens, conforme comprovaram nossos expositores durante a feira&#8221;, afirma Marco Mastrandonakis, presidente da Brazil Trade Shows (BTS), promotora do evento.<\/p>\n<p>Luciana Galv\u00e3o, gerente de Marketing da SIG Combibloc para a Am\u00e9rica do Sul, diz que o sucesso foi pleno por causa da presen\u00e7a de decisores e formadores de opini\u00e3o. &#8220;Para n\u00f3s, esta foi a &#8221;Fispal do leite&#8221;, que teve como enfoque principal as diversas solu\u00e7\u00f5es em embalagens ass\u00e9pticas cartonadas para esta ind\u00fastria&#8221;, diz. Luciana comenta que os visitantes do estande buscaram novidades e parcerias. &#8220;Sem d\u00favida o balan\u00e7o foi positivo e marcado pelo alto n\u00edvel dos visitantes e pela possibilidade concreta de novos neg\u00f3cios&#8221;, completa.<\/p>\n<p>Para a Weidenhammer, fabricante de embalagens cartonadas que acaba de chegar ao Brasil, o que mais chamou a aten\u00e7\u00e3o foi o n\u00famero de grandes empresas visitantes. &#8220;Recebemos um bom contingente de potenciais clientes, focados em pesquisa e inova\u00e7\u00e3o. Embora estas empresas conhe\u00e7am a Weidenhammer por conta de sua lideran\u00e7a na Europa, foi importante promover a companhia no Brasil, a partir da representa\u00e7\u00e3o comercial da Innovapack&#8221;, conta Oliver Wolff, diretor Regional da Weidenhammer para Am\u00e9rica do Sul &amp; Europa Oriental.<\/p>\n<p>A Raumak, de Santa Catarina, participou da Fispal Tecnologia pela 17\u00aa vez. &#8220;O estande foi muito visitado, mais do que nos \u00faltimos tr\u00eas anos. Fechamos v\u00e1rios neg\u00f3cios durante a feira e a nossa expectativa \u00e9 de fechar mais de US$ 1 milh\u00e3o nas pr\u00f3ximas semanas&#8221;, revela o gerente de Opera\u00e7\u00e3o, Rodolfo Schatz Silva.<\/p>\n<p>Veteranos orientam novos empres\u00e1rios<\/p>\n<p>A Bosch Tecnologia em Embalagem lan\u00e7ou a m\u00e1quina de embalagem intermitente de alta versatilidade SVI \/SVI 4020. Um equipamento que produz v\u00e1rios tipos de pacotes, tais como almofada, sanfonado, fundo-chato, quatro soldas e aplica\u00e7\u00e3o a zipper. &#8220;Trouxemos muitas novidades para a feira. Da Fispal, vamos para a China e a \u00cdndia&#8221;, adianta Elaine Firmino, Sales &amp; Marketing Services da Bosch. Elaine diz que a Fispal Tecnologia \u00e9 uma feira muito importante para a empresa se relacionar com o cliente.<\/p>\n<p>Evandro Menezes, gerente da Cavanna, empresa italiana de m\u00e1quinas para produ\u00e7\u00e3o de embalagens, aposta no crescimento das vendas. &#8220;Fizemos muitos contatos e temos projetos interessantes para elaborar&#8221;.<\/p>\n<p>Outra que comemora a presen\u00e7a na Fispal \u00e9 a Haas, empresa austr\u00edaca que produz m\u00e1quinas para confec\u00e7\u00e3o de waffles e biscoitos. &#8220;A feira foi muito positiva. Lan\u00e7amos um novo conceito de m\u00e1quinas modulares, especialmente para o empres\u00e1rio que quer entrar nesse mercado. Vendemos um equipamento e temos cinco pedidos para concretizar. A feira est\u00e1 mais madura, a cada ano mais profissional&#8221;, comemora Dagoberto Antunes Sampaio, gerente Comercial da Haas do Brasil.<\/p>\n<p>P\u00fablico focado<\/p>\n<p>&#8220;J\u00e1 hav\u00edamos participado em outros anos da Fispal, com a A\u00e7ometal, uma das tr\u00eas empresas que se fundiram em dezembro do ano passado formando a GGD Metals. Por isso, a Fispal 2009 tem um gosto especial&#8221;, comenta Andr\u00e9 Moneiro, gerente de Marketing para Am\u00e9rica Latina da GGD Metals, que fabrica tubos de a\u00e7o inoxid\u00e1vel e fornece metal para a ind\u00fastria de embalagens. Andr\u00e9 revela que o estande foi visitado por quase duas mil pessoas, muitas delas tomadoras de decis\u00e3o.<\/p>\n<p>Narciso Vieira, da \u00e1rea de Vendas da KHS, diz que estar na Fispal \u00e9 essencial. &#8220;Recebemos todas as visitas esperadas e o p\u00fablico estava bastante focado&#8221;, avalia.<br \/>\nPaulo Donizeti, gerente da WEG, refor\u00e7a a import\u00e2ncia da feira para o relacionamento. &#8220;A feira \u00e9 muito importante em raz\u00e3o dos nossos clientes, que exp\u00f5em seus produtos. Como fabricamos os motores para os equipamentos, somos parte das vendas, e nossa presen\u00e7a ajuda a impulsionar os neg\u00f3cios&#8221;, contextualiza.<\/p>\n<p>Rachel Filipov, coordenadora de Marketing da Sidel, concorda que a Fispal \u00e9 uma feira de relacionamentos. &#8220;Aqui, podemos encontrar nossos clientes de todo o Brasil. Al\u00e9m disso, \u00e9 uma oportunidade de mostrar os equipamentos funcionando. A Fispal \u00e9 a feira mais importante do setor, por isso \u00e9 essencial que estejamos aqui todos os anos&#8221;.<\/p>\n<p>Otimiza\u00e7\u00e3o e sustentabilidade<\/p>\n<p>A SEW lan\u00e7ou o Motor DR &#8211; motor el\u00e9trico de alto rendimento e efici\u00eancia energ\u00e9tica. &#8220;O estande foi bastante visitado. Nosso objetivo \u00e9 estreitar o relacionamento com os clientes e consolidar a marca SEW no mercado&#8221;, revela Celso Fonseca, gerente regional de Vendas da SEW, em S\u00e3o Paulo. Ele afirma que a Fispal Tecnologia \u00e9 uma feira que proporciona aos expositores uma oportunidade \u00edmpar de apresentar as principais novidades.<\/p>\n<p>H\u00e1 mais de 20 anos na Fispal Tecnologia, a paulista Poly-Vac, ind\u00fastria e com\u00e9rcio de embalagens, apresentou a Linha Verde Poly-Vac, desenvolvida a partir de mat\u00e9ria-prima de fontes renov\u00e1veis, que substitui o petr\u00f3leo. Os copos da Linha Verde Poly-Vac se degradam em at\u00e9 180 dias em condi\u00e7\u00f5es adequadas de umidade, calor, microorganismos e oxig\u00eanio.<\/p>\n<p>De acordo com o gerente Comercial da Poly-Vac, Marco Antonio Lazini, o mercado est\u00e1 receptivo por causa da preocupa\u00e7\u00e3o crescente com o Meio Ambiente. Ali\u00e1s, os desafios da ind\u00fastria mundial para adotar padr\u00f5es que atendam \u00e0s novas necessidades do planeta foi tema na feira, dentro do Espa\u00e7o Sustentabilidade, realizado em parceria com diversas entidades de classe do setor de embalagem para alimentos e bebidas.<\/p>\n<p>Com exposi\u00e7\u00e3o de algumas solu\u00e7\u00f5es para o mercado, o Espa\u00e7o tamb\u00e9m contou com um ciclo de palestras da Funda\u00e7\u00e3o Dom Cabral (FDC), considerada uma das melhores escolas de neg\u00f3cios do mundo. &#8220;N\u00e3o \u00e9 mais poss\u00edvel fazer uma an\u00e1lise fragmentada do neg\u00f3cio. \u00c9 preciso ter uma vis\u00e3o mais ampla e contemplar as esferas econ\u00f4mica, social e ambiental&#8221;, explica a economista Maria Raquel Ferreira Marques, professora da FDC, que falou sobre gest\u00e3o respons\u00e1vel.<\/p>\n<p>Participa\u00e7\u00e3o internacional<\/p>\n<p>Este ano, a feira registrou aumento da participa\u00e7\u00e3o internacional. Participaram do evento o Instituto Italiano para o Com\u00e9rcio Exterior (ICE), a Fundaci\u00f3n Exportar, da Argentina, e entidades da China e de Taiwan, cuja presen\u00e7a na Fispal j\u00e1 \u00e9 tradicional. Al\u00e9m disso, desembarcou por aqui a Adepta, Associa\u00e7\u00e3o de Produtores de maquin\u00e1rio, da Fran\u00e7a. Ao todo, foram empresas e associa\u00e7\u00f5es de 14 pa\u00edses (Alemanha, Argentina, Chile, China, Emirados \u00c1rabes, Espanha, EUA, Fran\u00e7a, \u00cdndia, It\u00e1lia, M\u00e9xico, Peru, Taiwan e Turquia).<\/p>\n","protected":false},"excerpt":{"rendered":"<p>Fispal Tecnologia confirma expectativas e recebe mais de 61 mil visitantes, com previs\u00e3o de movimentar aproximadamente R$ 4 bilh\u00f5es nos pr\u00f3ximos seis meses. Na \u00faltima semana, S\u00e3o Paulo foi palco da mais importante feira de processamento, embalagem e log\u00edstica para o mercado de alimentos e bebidas na Am\u00e9rica Latina. A 25\u00aa Fispal Tecnologia, realizada no [&hellip;]<\/p>\n","protected":false},"author":3,"featured_media":0,"comment_status":"open","ping_status":"open","sticky":false,"template":"","format":"standard","meta":{"tdm_status":"","tdm_grid_status":"","footnotes":""},"categories":[22,7],"tags":[],"class_list":{"0":"post-3698","1":"post","2":"type-post","3":"status-publish","4":"format-standard","6":"category-brasil","7":"category-economia"},"_links":{"self":[{"href":"https:\/\/migracao.redenoticia.com.br\/noticia\/wp-json\/wp\/v2\/posts\/3698","targetHints":{"allow":["GET"]}}],"collection":[{"href":"https:\/\/migracao.redenoticia.com.br\/noticia\/wp-json\/wp\/v2\/posts"}],"about":[{"href":"https:\/\/migracao.redenoticia.com.br\/noticia\/wp-json\/wp\/v2\/types\/post"}],"author":[{"embeddable":true,"href":"https:\/\/migracao.redenoticia.com.br\/noticia\/wp-json\/wp\/v2\/users\/3"}],"replies":[{"embeddable":true,"href":"https:\/\/migracao.redenoticia.com.br\/noticia\/wp-json\/wp\/v2\/comments?post=3698"}],"version-history":[{"count":0,"href":"https:\/\/migracao.redenoticia.com.br\/noticia\/wp-json\/wp\/v2\/posts\/3698\/revisions"}],"wp:attachment":[{"href":"https:\/\/migracao.redenoticia.com.br\/noticia\/wp-json\/wp\/v2\/media?parent=3698"}],"wp:term":[{"taxonomy":"category","embeddable":true,"href":"https:\/\/migracao.redenoticia.com.br\/noticia\/wp-json\/wp\/v2\/categories?post=3698"},{"taxonomy":"post_tag","embeddable":true,"href":"https:\/\/migracao.redenoticia.com.br\/noticia\/wp-json\/wp\/v2\/tags?post=3698"}],"curies":[{"name":"wp","href":"https:\/\/api.w.org\/{rel}","templated":true}]}}