{"id":3701,"date":"2009-06-25T11:18:04","date_gmt":"2009-06-25T15:18:04","guid":{"rendered":"http:\/\/www.redenoticia.com.br\/noticia\/?p=3701"},"modified":"2009-06-25T11:18:04","modified_gmt":"2009-06-25T15:18:04","slug":"saliva-tem-funcoes-primordiais-para-a-saude","status":"publish","type":"post","link":"https:\/\/migracao.redenoticia.com.br\/noticia\/2009\/saliva-tem-funcoes-primordiais-para-a-saude\/3701","title":{"rendered":"Saliva tem fun\u00e7\u00f5es primordiais para a sa\u00fade"},"content":{"rendered":"<p>Xerostomia \u00e9 o nome dado \u00e0 falta de produ\u00e7\u00e3o de saliva com sensa\u00e7\u00e3o de boca seca. A altera\u00e7\u00e3o n\u00e3o \u00e9 nada inofensiva<\/p>\n<p>Com 99% de \u00e1gua em sua composi\u00e7\u00e3o, a saliva tem importante papel na sa\u00fade. &#8220;Ela lubrifica e umedece o interior da boca para facilitar a fala e transformar os alimentos em uma massa f\u00e1cil de ser digerida. Dificulta tamb\u00e9m a forma\u00e7\u00e3o de c\u00e1rie porque ao circular na cavidade oral remove restos de alimentos e bact\u00e9rias&#8221;, explica o periodontista, Gustavo Moruzzi do Hospital Odontol\u00f3gico Cir, com sede em Bras\u00edlia.<\/p>\n<p>Apesar da produ\u00e7\u00e3o localizada na boca, as mudan\u00e7as dos padr\u00f5es salivares, como quantidade e qualidade, podem favorecer a manifesta\u00e7\u00e3o de doen\u00e7as em outras partes do corpo humano. &#8220;A pouca saliva\u00e7\u00e3o \u00e9 uma das causas da esofagite, uma inflama\u00e7\u00e3o no es\u00f4fago que pode evoluir para \u00falcera&#8221;, comenta o especialista.<\/p>\n<p>Em condi\u00e7\u00f5es ideais de sa\u00fade, o ser humano produz aproximadamente um litro e meio de saliva por dia. &#8220;A falta de produ\u00e7\u00e3o de saliva e a sensa\u00e7\u00e3o de boca seca tem at\u00e9 nome: xerostomia&#8221;, informa Dr. Gustavo. As raz\u00f5es podem ser diversas, mas est\u00e3o normalmente associadas a disfun\u00e7\u00f5es sist\u00eamicas, como a s\u00edndrome de sjogren e o diabetes. O uso cont\u00ednuo de antidepressivos tamb\u00e9m provoca a sensa\u00e7\u00e3o de boca seca. E n\u00e3o \u00e9 s\u00f3 a baixa produ\u00e7\u00e3o que causa problemas, a mudan\u00e7a no pH tamb\u00e9m. &#8220;Saliva \u00e1cida torna o dente mais suscet\u00edvel \u00e0 c\u00e1rie&#8221;, exemplifica.<\/p>\n<p>Para se ter uma boa saliva\u00e7\u00e3o, h\u00e1 tr\u00eas fatores primordiais: ingest\u00e3o abundante de \u00e1gua, ado\u00e7\u00e3o de dieta balanceada e bons h\u00e1bitos de higiene oral. A avalia\u00e7\u00e3o odontol\u00f3gica peri\u00f3dica colabora para a detec\u00e7\u00e3o precoce de eventuais altera\u00e7\u00f5es. &#8220;Em situa\u00e7\u00f5es mais extremas, prescrevemos o uso de saliva artificial, vendida em forma de spray para ser borrifada v\u00e1rias vezes ao dia. Proporciona al\u00edvio imediato&#8221;, conclui Dr. Gustavo.<\/p>\n<p>Carla Furtado<\/p>\n","protected":false},"excerpt":{"rendered":"<p>Xerostomia \u00e9 o nome dado \u00e0 falta de produ\u00e7\u00e3o de saliva com sensa\u00e7\u00e3o de boca seca. A altera\u00e7\u00e3o n\u00e3o \u00e9 nada inofensiva Com 99% de \u00e1gua em sua composi\u00e7\u00e3o, a saliva tem importante papel na sa\u00fade. &#8220;Ela lubrifica e umedece o interior da boca para facilitar a fala e transformar os alimentos em uma massa [&hellip;]<\/p>\n","protected":false},"author":3,"featured_media":0,"comment_status":"open","ping_status":"open","sticky":false,"template":"","format":"standard","meta":{"tdm_status":"","tdm_grid_status":"","footnotes":""},"categories":[5],"tags":[],"class_list":{"0":"post-3701","1":"post","2":"type-post","3":"status-publish","4":"format-standard","6":"category-saude-e-vida"},"_links":{"self":[{"href":"https:\/\/migracao.redenoticia.com.br\/noticia\/wp-json\/wp\/v2\/posts\/3701","targetHints":{"allow":["GET"]}}],"collection":[{"href":"https:\/\/migracao.redenoticia.com.br\/noticia\/wp-json\/wp\/v2\/posts"}],"about":[{"href":"https:\/\/migracao.redenoticia.com.br\/noticia\/wp-json\/wp\/v2\/types\/post"}],"author":[{"embeddable":true,"href":"https:\/\/migracao.redenoticia.com.br\/noticia\/wp-json\/wp\/v2\/users\/3"}],"replies":[{"embeddable":true,"href":"https:\/\/migracao.redenoticia.com.br\/noticia\/wp-json\/wp\/v2\/comments?post=3701"}],"version-history":[{"count":0,"href":"https:\/\/migracao.redenoticia.com.br\/noticia\/wp-json\/wp\/v2\/posts\/3701\/revisions"}],"wp:attachment":[{"href":"https:\/\/migracao.redenoticia.com.br\/noticia\/wp-json\/wp\/v2\/media?parent=3701"}],"wp:term":[{"taxonomy":"category","embeddable":true,"href":"https:\/\/migracao.redenoticia.com.br\/noticia\/wp-json\/wp\/v2\/categories?post=3701"},{"taxonomy":"post_tag","embeddable":true,"href":"https:\/\/migracao.redenoticia.com.br\/noticia\/wp-json\/wp\/v2\/tags?post=3701"}],"curies":[{"name":"wp","href":"https:\/\/api.w.org\/{rel}","templated":true}]}}