{"id":37091,"date":"2011-12-31T20:35:55","date_gmt":"2011-12-31T22:35:55","guid":{"rendered":"http:\/\/www.redenoticia.com.br\/noticia\/?p=37091"},"modified":"2012-01-01T22:55:48","modified_gmt":"2012-01-02T00:55:48","slug":"o-disney-channel-inicia-a-producao-de-zombies-and-cheerleaders","status":"publish","type":"post","link":"https:\/\/migracao.redenoticia.com.br\/noticia\/2011\/o-disney-channel-inicia-a-producao-de-zombies-and-cheerleaders\/37091","title":{"rendered":"O Disney Channel inicia a produ\u00e7\u00e3o de Zombies and Cheerleaders"},"content":{"rendered":"<p><img loading=\"lazy\" decoding=\"async\" class=\"alignleft size-full wp-image-37092\" title=\"Zombies and Cheerleaders\" src=\"https:\/\/migracao.redenoticia.com.br\/noticia\/imagens\/Zombies-and-Cheerleaders.jpg\" alt=\"\" width=\"300\" height=\"193\" srcset=\"https:\/\/migracao.redenoticia.com.br\/noticia\/imagens\/Zombies-and-Cheerleaders.jpg 300w, https:\/\/migracao.redenoticia.com.br\/noticia\/imagens\/Zombies-and-Cheerleaders-250x161.jpg 250w, https:\/\/migracao.redenoticia.com.br\/noticia\/imagens\/Zombies-and-Cheerleaders-150x97.jpg 150w\" sizes=\"auto, (max-width: 300px) 100vw, 300px\" \/>O Disney Channel anuncia que realizar\u00e1 o piloto da s\u00e9rie musical <em><strong>Zombies and Cheerleaders<\/strong><\/em>. A produ\u00e7\u00e3o do epis\u00f3dio come\u00e7ar\u00e1 em dezembro, com a estreia da s\u00e9rie na tela do Disney Channel Estados Unidos em 2012.<\/p>\n<p>A hist\u00f3ria \u00e9 centrada em Zed Necrodopolis, um t\u00edpico estudante do ensino m\u00e9dio com uma pequena particularidade: ele \u00e9 um zumbi. Apesar do seu rel\u00f3gio de alta tecnologia, criado para anular qualquer desejo voraz que possa vir a ter por colegas de classe, ele e seus amigos zumbis n\u00e3o s\u00e3o muito populares entre o grupo mais influente da escola: as animadoras de torcida. Mas como Zed nunca desiste perante um desafio, ele se prop\u00f5e a melhorar as rela\u00e7\u00f5es entre os zumbis e a galera, al\u00e9m de tentar ganhar a aten\u00e7\u00e3o de Addison, a mais recente aquisi\u00e7\u00e3o das animadoras de torcida.<\/p>\n<p>O produtor-executivo de Zombies and Cheerleaders \u00e9 Eric Weinberg (das s\u00e9ries \u201cScrubs\u201d e \u201cDeath Valley\u201d). Os autores e coprodutores-executivos s\u00e3o Joseph Raso e David Light; e Todd Strauss Schulson (da pr\u00f3xima estreia nos cinemas dos EUA, A Very Harold &amp; Kumar 3D Christmas) \u00e9 o diretor do piloto.<\/p>\n","protected":false},"excerpt":{"rendered":"<p>O Disney Channel anuncia que realizar\u00e1 o piloto da s\u00e9rie musical Zombies and Cheerleaders. A produ\u00e7\u00e3o do epis\u00f3dio come\u00e7ar\u00e1 em dezembro, com a estreia da s\u00e9rie na tela do Disney Channel Estados Unidos em 2012. A hist\u00f3ria \u00e9 centrada em Zed Necrodopolis, um t\u00edpico estudante do ensino m\u00e9dio com uma pequena particularidade: ele \u00e9 um [&hellip;]<\/p>\n","protected":false},"author":3,"featured_media":37092,"comment_status":"open","ping_status":"closed","sticky":false,"template":"","format":"standard","meta":{"tdm_status":"","tdm_grid_status":"","footnotes":""},"categories":[343],"tags":[],"class_list":{"0":"post-37091","1":"post","2":"type-post","3":"status-publish","4":"format-standard","5":"has-post-thumbnail","7":"category-televisao"},"_links":{"self":[{"href":"https:\/\/migracao.redenoticia.com.br\/noticia\/wp-json\/wp\/v2\/posts\/37091","targetHints":{"allow":["GET"]}}],"collection":[{"href":"https:\/\/migracao.redenoticia.com.br\/noticia\/wp-json\/wp\/v2\/posts"}],"about":[{"href":"https:\/\/migracao.redenoticia.com.br\/noticia\/wp-json\/wp\/v2\/types\/post"}],"author":[{"embeddable":true,"href":"https:\/\/migracao.redenoticia.com.br\/noticia\/wp-json\/wp\/v2\/users\/3"}],"replies":[{"embeddable":true,"href":"https:\/\/migracao.redenoticia.com.br\/noticia\/wp-json\/wp\/v2\/comments?post=37091"}],"version-history":[{"count":0,"href":"https:\/\/migracao.redenoticia.com.br\/noticia\/wp-json\/wp\/v2\/posts\/37091\/revisions"}],"wp:featuredmedia":[{"embeddable":true,"href":"https:\/\/migracao.redenoticia.com.br\/noticia\/wp-json\/wp\/v2\/media\/37092"}],"wp:attachment":[{"href":"https:\/\/migracao.redenoticia.com.br\/noticia\/wp-json\/wp\/v2\/media?parent=37091"}],"wp:term":[{"taxonomy":"category","embeddable":true,"href":"https:\/\/migracao.redenoticia.com.br\/noticia\/wp-json\/wp\/v2\/categories?post=37091"},{"taxonomy":"post_tag","embeddable":true,"href":"https:\/\/migracao.redenoticia.com.br\/noticia\/wp-json\/wp\/v2\/tags?post=37091"}],"curies":[{"name":"wp","href":"https:\/\/api.w.org\/{rel}","templated":true}]}}