{"id":37267,"date":"2011-11-18T08:12:24","date_gmt":"2011-11-18T10:12:24","guid":{"rendered":"http:\/\/www.redenoticia.com.br\/noticia\/?p=37267"},"modified":"2011-11-19T21:17:19","modified_gmt":"2011-11-19T23:17:19","slug":"pd-em-pesquisa-sobre-obesidade-com-bolsa-da-fapesp","status":"publish","type":"post","link":"https:\/\/migracao.redenoticia.com.br\/noticia\/2011\/pd-em-pesquisa-sobre-obesidade-com-bolsa-da-fapesp\/37267","title":{"rendered":"PD em pesquisa sobre obesidade com Bolsa da FAPESP"},"content":{"rendered":"<p><img loading=\"lazy\" decoding=\"async\" class=\"alignleft size-full wp-image-36246\" title=\"professor a\" src=\"https:\/\/migracao.redenoticia.com.br\/noticia\/imagens\/professor-a.jpg\" alt=\"\" width=\"300\" height=\"193\" srcset=\"https:\/\/migracao.redenoticia.com.br\/noticia\/imagens\/professor-a.jpg 300w, https:\/\/migracao.redenoticia.com.br\/noticia\/imagens\/professor-a-250x161.jpg 250w, https:\/\/migracao.redenoticia.com.br\/noticia\/imagens\/professor-a-150x97.jpg 150w\" sizes=\"auto, (max-width: 300px) 100vw, 300px\" \/>Ag\u00eancia FAPESP \u2013 O Laborat\u00f3rio de Sinaliza\u00e7\u00e3o Celular da Faculdade de Ci\u00eancias M\u00e9dicas da Universidade Estadual de Campinas (Unicamp) oferece posi\u00e7\u00e3o de <em><strong>p\u00f3s-doutoramento<\/strong><\/em> para condu\u00e7\u00e3o de um <em><strong>Projeto de Pesquisa<\/strong><\/em> na \u00e1rea de \u201cImunologia-Inflama\u00e7\u00e3o em Obesidade\u201d.<\/p>\n<p>A oportunidade est\u00e1 vinculada ao Projeto Tem\u00e1tico <a href=\"http:\/\/www.bv.fapesp.br\/pt\/projetos-tematicos\/6098\/inflamacao-resposta-imune-obesidade\" target=\"_blank\">&#8220;Avalia\u00e7\u00e3o da atividade funcional do hipot\u00e1lamo em pacientes obesos&#8221;<\/a>, coordenado pelo professor Licio Augusto Velloso.<\/p>\n<p>O objetivo do projeto \u00e9 avaliar a fun\u00e7\u00e3o hipotal\u00e2mica em pacientes obesos submetidos a cirurgia bari\u00e1trica. As avalia\u00e7\u00f5es ser\u00e3o realizadas por resson\u00e2ncia magn\u00e9tica em colabora\u00e7\u00e3o com um grupo de neurocientistas da mesma institui\u00e7\u00e3o.<\/p>\n<p>Os candidatos devem ser m\u00e9dicos com CRM ativo, uma vez que precisar\u00e3o realizar procedimentos m\u00e9dicos com os pacientes. Preferencialmente, os candidatos dever\u00e3o ter forma\u00e7\u00e3o em endocrinologia e doutorado em \u00e1rea compat\u00edvel com o projeto.<\/p>\n<p>Os candidatos dever\u00e3o enviar curriculum vitae e pelo menos duas cartas de apresenta\u00e7\u00e3o para o e-mail <a href=\"mailto: lavelloso.unicamp@gmail.com\">lavelloso.unicamp@gmail.com<\/a>.<\/p>\n<p>A data limite para apresenta\u00e7\u00e3o de candidatura \u00e9 5 de dezembro de 2011. O resultado do processo seletivo ser\u00e1 anunciado no dia 10 de dezembro de 2011.<\/p>\n<p>A vaga est\u00e1 aberta a brasileiros e estrangeiros. O selecionado receber\u00e1 Bolsa de P\u00f3s-Doutorado da FAPESP (no valor de R$ 5.333,40 mensais), Reserva T\u00e9cnica e Aux\u00edlio Instala\u00e7\u00e3o. A Reserva T\u00e9cnica de Bolsa de PD equivale a 15% do valor anual da bolsa e tem o objetivo de atender a despesas imprevistas e diretamente relacionadas \u00e0 atividade de pesquisa.<\/p>\n<p>O bolsista de PD, caso resida em domic\u00edlio diferente e precise se mudar para a cidade onde se localiza a institui\u00e7\u00e3o sede da pesquisa, poder\u00e1 ter direito a um Aux\u00edlio Instala\u00e7\u00e3o. Mais informa\u00e7\u00f5es sobre a Bolsa de P\u00f3s-Doutorado da FAPESP est\u00e3o dispon\u00edveis em <a href=\"http:\/\/www.fapesp.br\/bolsas\/pd\" target=\"_blank\">www.fapesp.br\/bolsas\/pd<\/a>.<\/p>\n<p>Outras vagas de Bolsas de P\u00f3s-Doutorado, em diversas \u00e1reas do conhecimento, est\u00e3o no site FAPESP-Oportunidades, em <a href=\"http:\/\/www.oportunidades.fapesp.br\/\" target=\"_blank\">www.oportunidades.fapesp.br<\/a>.<\/p>\n","protected":false},"excerpt":{"rendered":"<p>Ag\u00eancia FAPESP \u2013 O Laborat\u00f3rio de Sinaliza\u00e7\u00e3o Celular da Faculdade de Ci\u00eancias M\u00e9dicas da Universidade Estadual de Campinas (Unicamp) oferece posi\u00e7\u00e3o de p\u00f3s-doutoramento para condu\u00e7\u00e3o de um Projeto de Pesquisa na \u00e1rea de \u201cImunologia-Inflama\u00e7\u00e3o em Obesidade\u201d. A oportunidade est\u00e1 vinculada ao Projeto Tem\u00e1tico &#8220;Avalia\u00e7\u00e3o da atividade funcional do hipot\u00e1lamo em pacientes obesos&#8221;, coordenado pelo professor [&hellip;]<\/p>\n","protected":false},"author":3,"featured_media":36246,"comment_status":"open","ping_status":"closed","sticky":false,"template":"","format":"standard","meta":{"tdm_status":"","tdm_grid_status":"","footnotes":""},"categories":[22,351,370],"tags":[],"class_list":{"0":"post-37267","1":"post","2":"type-post","3":"status-publish","4":"format-standard","5":"has-post-thumbnail","7":"category-brasil","8":"category-cursos","9":"category-inscricao"},"_links":{"self":[{"href":"https:\/\/migracao.redenoticia.com.br\/noticia\/wp-json\/wp\/v2\/posts\/37267","targetHints":{"allow":["GET"]}}],"collection":[{"href":"https:\/\/migracao.redenoticia.com.br\/noticia\/wp-json\/wp\/v2\/posts"}],"about":[{"href":"https:\/\/migracao.redenoticia.com.br\/noticia\/wp-json\/wp\/v2\/types\/post"}],"author":[{"embeddable":true,"href":"https:\/\/migracao.redenoticia.com.br\/noticia\/wp-json\/wp\/v2\/users\/3"}],"replies":[{"embeddable":true,"href":"https:\/\/migracao.redenoticia.com.br\/noticia\/wp-json\/wp\/v2\/comments?post=37267"}],"version-history":[{"count":0,"href":"https:\/\/migracao.redenoticia.com.br\/noticia\/wp-json\/wp\/v2\/posts\/37267\/revisions"}],"wp:featuredmedia":[{"embeddable":true,"href":"https:\/\/migracao.redenoticia.com.br\/noticia\/wp-json\/wp\/v2\/media\/36246"}],"wp:attachment":[{"href":"https:\/\/migracao.redenoticia.com.br\/noticia\/wp-json\/wp\/v2\/media?parent=37267"}],"wp:term":[{"taxonomy":"category","embeddable":true,"href":"https:\/\/migracao.redenoticia.com.br\/noticia\/wp-json\/wp\/v2\/categories?post=37267"},{"taxonomy":"post_tag","embeddable":true,"href":"https:\/\/migracao.redenoticia.com.br\/noticia\/wp-json\/wp\/v2\/tags?post=37267"}],"curies":[{"name":"wp","href":"https:\/\/api.w.org\/{rel}","templated":true}]}}