{"id":373,"date":"2009-04-11T09:40:00","date_gmt":"2009-04-11T13:40:00","guid":{"rendered":"http:\/\/www.redenoticia.com.br\/noticia\/?p=373"},"modified":"2009-04-11T15:23:09","modified_gmt":"2009-04-11T19:23:09","slug":"corrupcao-e-criminalidade-as-de-grife-e-as-populares","status":"publish","type":"post","link":"https:\/\/migracao.redenoticia.com.br\/noticia\/2009\/corrupcao-e-criminalidade-as-de-grife-e-as-populares\/373","title":{"rendered":"Corrup\u00e7\u00e3o e criminalidade: as de grife e as populares"},"content":{"rendered":"<p><em><img loading=\"lazy\" decoding=\"async\" class=\"alignleft\" src=\"http:\/\/farm4.static.flickr.com\/3362\/3431225247_d59e217278_m.jpg\" alt=\"\" width=\"240\" height=\"164\" \/>Por Fernando Rizzolo<\/em><\/p>\n<p>Adib Jatene, Ministro da Sa\u00fade no governo Collor, afirmou em 1992: &#8220;Quem faz o Or\u00e7amento da Rep\u00fablica s\u00e3o as empreiteiras&#8221;. Mal podia ele imaginar, que um dia sua afirma\u00e7\u00e3o poderia ser alvo de uma investiga\u00e7\u00e3o por parte da Pol\u00edcia Federal, denominada &#8220;Castelo de Areia&#8221;. H\u00e1 muito se sabe no Brasil, que a maioria dos pol\u00edticos \u00e9 eleita como representante de poderosos interesses na sociedade, e concorre visualizando a possibilidade de ter acesso a benef\u00edcios da estrutura do Estado.<\/p>\n<p>O conceito de corrup\u00e7\u00e3o no Brasil \u00e9 por demais antigo, e do ponto de vista popular, muitas palavras acabaram sendo incorporadas no dia-a-dia, trazendo no seu bojo, a conota\u00e7\u00e3o do il\u00edcito corrupt\u00f3rio como algo passivo de compreens\u00e3o e de pouco potencial lesivo \u00e0 sociedade. Palavras populares, citadas pelo povo para caracterizar a corrup\u00e7\u00e3o no Brasil, existem mais que em qualquer outro lugar no mundo : cervejinha, molhar a m\u00e3o, lubrificar, lambileda, mata-bicho, jabacul\u00ea, jab\u00e1, capil\u00ea, conto-do-paco, conto-do-vig\u00e1rio, jeitinho, mamata, negociata, por fora, taxa de urg\u00eancia, propina, rolo, esquema, peita, falcatrua, maracutaia, e por \u00faltimo o &#8221; alpiste para o canarinho &#8221; como afirmou o doleiro su\u00ed\u00e7o &#8211; j\u00e1 abrasileirado, \u00e9 claro &#8211; Kurt Paul Pickel, num di\u00e1logo interceptado pela Pol\u00edcia Federal entre ele um funcion\u00e1rio da construtora Camargo Correa, segundo informa\u00e7\u00f5es da imprensa.<\/p>\n<p>\u00c9 bem verdade que canarinhos da marginalidade, famintos \u00e0 procura de alpiste n\u00e3o faltam no Brasil. Hoje eles se dividem entre os de grife e os populares. Estes \u00faltimos atuam no varejo, na ra\u00e7\u00e3o pobre e escassa dos morros, na marginalidade dos grandes centros, sendo que a grande maioria, cometem atos il\u00edcitos em fun\u00e7\u00e3o das drogas num ambiente de pobreza fruto do abandono do Estado. J\u00e1 os de grife, s\u00e3o mais arrojados, se aproveitam em tese do sistema eleitoral brasileiro falho &#8211; que predisp\u00f5e de algum modo a fraudes &#8211; participam da pol\u00edtica brasileira, das suas benesses e das gordas negociatas partid\u00e1rias.<\/p>\n<p>N\u00e3o \u00e9 por acaso que tamb\u00e9m os maus empres\u00e1rios, ou can\u00e1rios espertos da iniciativa privada, preferem tamb\u00e9m rasteirar os alicerces da ordem tribut\u00e1ria, corroendo o Er\u00e1rio p\u00fablico, compelidos pela gan\u00e2ncia e na perversa determina\u00e7\u00e3o em auferir lucros cada vez maiores. Apostam na ilicitude, na cren\u00e7a da impunidade do Poder Estatal, desafiando o Judici\u00e1rio e conspirando contra o desenvolvimento do Pa\u00eds. Contudo, num Estado Democr\u00e1tico e de Direito como o nosso, todos sem exce\u00e7\u00e3o tem direito ao contradit\u00f3rio e a ampla defesa.<\/p>\n<p>Mas o que nos leva a uma maior reflex\u00e3o, \u00e9 a percep\u00e7\u00e3o de que a corrup\u00e7\u00e3o e a criminalidade, se alastram de forma assustadora no nosso Pa\u00eds, amea\u00e7ando os pilares da \u00e9tica, da pol\u00edtica e dos valores democr\u00e1ticos. Por sua vez, n\u00e3o seria correto conceber, que a\u00e7\u00f5es por parte do Estado no sentido de coibir as a\u00e7\u00f5es delituosas e em especial as de grife, sejam abrandadas ou desqualificadas &#8211; quando dentro da legalidade &#8211; por excessos ou trapalhadas ocorridas no passado, como as da Opera\u00e7\u00e3o Satiagraha.<\/p>\n<p>Hoje mais do que nunca, do ponto de vista pol\u00edtico, precisamos levar adiante um real projeto de reforma pol\u00edtica. Uma reforma que moralize as doa\u00e7\u00f5es de campanha, promovendo o financiamento p\u00fablico das campanhas, e vedando a doa\u00e7\u00e3o privada que privilegia grupos poderosos. Com o financiamento p\u00fablico como \u00fanica via, seria menos complexo identificar as doa\u00e7\u00f5es privadas, vez que os recursos modernos tecnol\u00f3gicos estariam a disposi\u00e7\u00e3o da Pol\u00edcia, para coibi-los. Mas muito poderiam perguntar: &#8221; Ent\u00e3o em \u00faltima inst\u00e2ncia o povo, o contribuinte \u00e9 que pagaria as campanhas pol\u00edticas &#8220;?<br \/>\nA resposta poderia estar mais uma vez no desabafo do Ministro da Sa\u00fade no governo Collor, o m\u00e9dico Adib Jatene, corroboradas pelas investiga\u00e7\u00f5es &#8211; ainda que n\u00e3o conclusivas &#8211; da famosa Opera\u00e7\u00e3o Castelo de Areia. A verdade \u00e9 que a democracia pertence ao povo, ao trabalhador, ao pobre pequeno empres\u00e1rio brasileiro, e deve ela assegurar dessa forma, uma representatividade de forma imparcial e ampla.<\/p>\n<p>Corrup\u00e7\u00e3o de grife ou popular tem que ser combatida com o rigor da Lei. O governo, por sua vez, tem o encargo de gerar a boa aplicabilidade dos recursos p\u00fablicos, com projetos de efetiva viabilidade, bem como controle de seus gastos. Talvez dessa forma teremos enfim, mais &#8220;alpiste&#8221; para o povo brasileiro, comprovado por um alerta m\u00e9dico do Dr. Jatene.<br \/>\nFernando Rizzolo<\/p>\n<p><strong>Fernando Rizzolo<\/strong> \u00e9 Advogado, P\u00f3s Graduado em Direito Processual, ex-professor universit\u00e1rio, participa como Coordenador da Comiss\u00e3o de Direitos e Prerrogativas da Ordem dos Advogados do Brasil, Sec\u00e7\u00e3o S\u00e3o Paulo, e membro efetivo da Comiss\u00e3o de Direito Humanos da OAB\/SP, Articulista Colaborador da Ag\u00eancia Estado, e Editor do Blog do Rizzolo &#8211; <a href=\"http:\/\/www.blogdorizzolo.com.br\/\">www.blogdorizzolo.com.br<\/a>.<\/p>\n<p><em>fonte<\/em> <a href=\"http:\/\/blog.newsfree.com.br\/category\/Pol\u00edtica\/\">news free.<\/a><\/p>\n","protected":false},"excerpt":{"rendered":"<p>Por Fernando Rizzolo Adib Jatene, Ministro da Sa\u00fade no governo Collor, afirmou em 1992: &#8220;Quem faz o Or\u00e7amento da Rep\u00fablica s\u00e3o as empreiteiras&#8221;. Mal podia ele imaginar, que um dia sua afirma\u00e7\u00e3o poderia ser alvo de uma investiga\u00e7\u00e3o por parte da Pol\u00edcia Federal, denominada &#8220;Castelo de Areia&#8221;. H\u00e1 muito se sabe no Brasil, que a [&hellip;]<\/p>\n","protected":false},"author":2,"featured_media":0,"comment_status":"open","ping_status":"open","sticky":false,"template":"","format":"standard","meta":{"tdm_status":"","tdm_grid_status":"","footnotes":""},"categories":[22],"tags":[],"class_list":{"0":"post-373","1":"post","2":"type-post","3":"status-publish","4":"format-standard","6":"category-brasil"},"_links":{"self":[{"href":"https:\/\/migracao.redenoticia.com.br\/noticia\/wp-json\/wp\/v2\/posts\/373","targetHints":{"allow":["GET"]}}],"collection":[{"href":"https:\/\/migracao.redenoticia.com.br\/noticia\/wp-json\/wp\/v2\/posts"}],"about":[{"href":"https:\/\/migracao.redenoticia.com.br\/noticia\/wp-json\/wp\/v2\/types\/post"}],"author":[{"embeddable":true,"href":"https:\/\/migracao.redenoticia.com.br\/noticia\/wp-json\/wp\/v2\/users\/2"}],"replies":[{"embeddable":true,"href":"https:\/\/migracao.redenoticia.com.br\/noticia\/wp-json\/wp\/v2\/comments?post=373"}],"version-history":[{"count":0,"href":"https:\/\/migracao.redenoticia.com.br\/noticia\/wp-json\/wp\/v2\/posts\/373\/revisions"}],"wp:attachment":[{"href":"https:\/\/migracao.redenoticia.com.br\/noticia\/wp-json\/wp\/v2\/media?parent=373"}],"wp:term":[{"taxonomy":"category","embeddable":true,"href":"https:\/\/migracao.redenoticia.com.br\/noticia\/wp-json\/wp\/v2\/categories?post=373"},{"taxonomy":"post_tag","embeddable":true,"href":"https:\/\/migracao.redenoticia.com.br\/noticia\/wp-json\/wp\/v2\/tags?post=373"}],"curies":[{"name":"wp","href":"https:\/\/api.w.org\/{rel}","templated":true}]}}