{"id":3732,"date":"2009-06-25T13:33:31","date_gmt":"2009-06-25T17:33:31","guid":{"rendered":"http:\/\/www.redenoticia.com.br\/noticia\/?p=3732"},"modified":"2009-06-25T13:33:31","modified_gmt":"2009-06-25T17:33:31","slug":"volume-de-credito-no-brasil-ainda-e-baixo","status":"publish","type":"post","link":"https:\/\/migracao.redenoticia.com.br\/noticia\/2009\/volume-de-credito-no-brasil-ainda-e-baixo\/3732","title":{"rendered":"Volume de cr\u00e9dito no Brasil ainda \u00e9 baixo"},"content":{"rendered":"<p>Dados da Equifax tamb\u00e9m apontam aumento da inadimpl\u00eancia, visto que maio registrou forte alta no n\u00famero de cheques devolvidos e t\u00edtulos protestados<br \/>\nAl\u00e9m de diminuir a inadimpl\u00eancia, a aprova\u00e7\u00e3o do Cadastro Positivo deve impulsionar o volume e a qualidade do cr\u00e9dito no Brasil<\/p>\n<p>Dados da Equifax, l\u00edder mundial em informa\u00e7\u00e3o e intelig\u00eancia para decis\u00e3o e gest\u00e3o empresarial, registraram aumento de 9,36% no volume de cheques devolvidos em rela\u00e7\u00e3o a abril e tamb\u00e9m um significativo crescimento no n\u00famero de t\u00edtulos protestados &#8211; no per\u00edodo, foram contabilizados 845.757 protestos, contra 793.856 no m\u00eas anterior.<\/p>\n<p>Al\u00e9m do aumento da inadimpl\u00eancia, outro obst\u00e1culo que precisa ser superado \u00e9 a concess\u00e3o de cr\u00e9dito. Hoje o volume de cr\u00e9dito no Brasil est\u00e1 em 42,6% do PIB, do qual um ter\u00e7o desse volume corresponde ao cr\u00e9dito direcionado (cr\u00e9dito subsidiado para financiamento da safra agr\u00edcola, da pol\u00edtica imobili\u00e1ria e financiamento da expans\u00e3o industrial, concedidos pelo Banco do Brasil, CEF e BNDES). J\u00e1 o cr\u00e9dito livre representa 29,9% do PIB, no entanto deveria chegar a pelo menos 60%, como ocorre na maioria dos pa\u00edses desenvolvidos.<\/p>\n<p>O problema em quest\u00e3o \u00e9 a falta da cultura de cr\u00e9dito no Brasil. Uma boa parte das institui\u00e7\u00f5es financeiras que atuam no Pa\u00eds ainda n\u00e3o est\u00e3o acostumadas a lucrar com opera\u00e7\u00f5es de cr\u00e9dito, enquanto a maioria da popula\u00e7\u00e3o tamb\u00e9m sofre com a falta de acesso a financiamentos, empr\u00e9stimos e outros servi\u00e7os de cr\u00e9dito.<\/p>\n<p>Mas esses cen\u00e1rios negativos devem mudar com a aprova\u00e7\u00e3o do Cadastro Positivo, que foi votado no m\u00eas de maio na C\u00e2mara dos Deputados e agora segue para discuss\u00e3o no Senado. Al\u00e9m de reduzir expressivamente as taxas de juros, o Cadastro Positivo deve impulsionar a expans\u00e3o do volume de cr\u00e9dito, sobretudo para a popula\u00e7\u00e3o de baixa renda &#8211; cujos integrantes muitas vezes n\u00e3o t\u00eam v\u00ednculo empregat\u00edcio e, portanto, tem mais dificuldade em conseguir comprovar renda e adquirir cr\u00e9dito.<\/p>\n<p>A expectativa \u00e9 que, com a aprova\u00e7\u00e3o do Cadastro Positivo, cres\u00e7a o volume e a qualidade do cr\u00e9dito no Brasil, que, al\u00e9m de reduzir os juros, tamb\u00e9m dever\u00e1 aumentar os prazos de pagamento. A consolida\u00e7\u00e3o das mudan\u00e7as na cultura de concess\u00e3o de cr\u00e9dito no Pa\u00eds ocorrer\u00e1 em pelo menos 1 ano, quando o foco para os empr\u00e9stimos deixar\u00e1 de ser o setor p\u00fablico e se estender\u00e1 \u00e0s pessoas f\u00edsicas e jur\u00eddicas. Nesse prazo, os spreads banc\u00e1rios dever\u00e3o recuar bastante e o prazo m\u00e9dio para pagamento dos financiamentos subir\u00e1 significativamente &#8211; de 273 dias para pessoa jur\u00eddica e 491 dias para pessoa f\u00edsica, para cerca de 700 dias e 1.400 dias respectivamente.<\/p>\n","protected":false},"excerpt":{"rendered":"<p>Dados da Equifax tamb\u00e9m apontam aumento da inadimpl\u00eancia, visto que maio registrou forte alta no n\u00famero de cheques devolvidos e t\u00edtulos protestados Al\u00e9m de diminuir a inadimpl\u00eancia, a aprova\u00e7\u00e3o do Cadastro Positivo deve impulsionar o volume e a qualidade do cr\u00e9dito no Brasil Dados da Equifax, l\u00edder mundial em informa\u00e7\u00e3o e intelig\u00eancia para decis\u00e3o e [&hellip;]<\/p>\n","protected":false},"author":3,"featured_media":0,"comment_status":"open","ping_status":"open","sticky":false,"template":"","format":"standard","meta":{"tdm_status":"","tdm_grid_status":"","footnotes":""},"categories":[22,7],"tags":[],"class_list":{"0":"post-3732","1":"post","2":"type-post","3":"status-publish","4":"format-standard","6":"category-brasil","7":"category-economia"},"_links":{"self":[{"href":"https:\/\/migracao.redenoticia.com.br\/noticia\/wp-json\/wp\/v2\/posts\/3732","targetHints":{"allow":["GET"]}}],"collection":[{"href":"https:\/\/migracao.redenoticia.com.br\/noticia\/wp-json\/wp\/v2\/posts"}],"about":[{"href":"https:\/\/migracao.redenoticia.com.br\/noticia\/wp-json\/wp\/v2\/types\/post"}],"author":[{"embeddable":true,"href":"https:\/\/migracao.redenoticia.com.br\/noticia\/wp-json\/wp\/v2\/users\/3"}],"replies":[{"embeddable":true,"href":"https:\/\/migracao.redenoticia.com.br\/noticia\/wp-json\/wp\/v2\/comments?post=3732"}],"version-history":[{"count":0,"href":"https:\/\/migracao.redenoticia.com.br\/noticia\/wp-json\/wp\/v2\/posts\/3732\/revisions"}],"wp:attachment":[{"href":"https:\/\/migracao.redenoticia.com.br\/noticia\/wp-json\/wp\/v2\/media?parent=3732"}],"wp:term":[{"taxonomy":"category","embeddable":true,"href":"https:\/\/migracao.redenoticia.com.br\/noticia\/wp-json\/wp\/v2\/categories?post=3732"},{"taxonomy":"post_tag","embeddable":true,"href":"https:\/\/migracao.redenoticia.com.br\/noticia\/wp-json\/wp\/v2\/tags?post=3732"}],"curies":[{"name":"wp","href":"https:\/\/api.w.org\/{rel}","templated":true}]}}