{"id":3733,"date":"2009-06-25T13:33:36","date_gmt":"2009-06-25T17:33:36","guid":{"rendered":"http:\/\/www.redenoticia.com.br\/noticia\/?p=3733"},"modified":"2009-06-25T13:33:36","modified_gmt":"2009-06-25T17:33:36","slug":"conselho-federal-promove-o-seminario-%e2%80%98empreendedor-individual-inclusao-economica-e-social%e2%80%99","status":"publish","type":"post","link":"https:\/\/migracao.redenoticia.com.br\/noticia\/2009\/conselho-federal-promove-o-seminario-%e2%80%98empreendedor-individual-inclusao-economica-e-social%e2%80%99\/3733","title":{"rendered":"Conselho Federal promove o semin\u00e1rio \u2018Empreendedor Individual: inclus\u00e3o econ\u00f4mica e social\u2019"},"content":{"rendered":"<p style=\"margin-top: 0cm; margin-right: 0cm; margin-bottom: 0pt; margin-left: 0cm; text-indent: 35.45pt; line-height: 19px; text-align: justify;\"><span style=\"font-family: Arial;\">A menos de 15 dias para vigorar as altera\u00e7\u00f5es da Lei Geral, promovidas pela LC n\u00b0 128\/2008, que cria a figura do Microempreendedor Individual (MEI), o Conselho Federal de Contabilidade &#8211; CFC, em parceria com o\u00a0Conselho Regional de Contabilidade do Distrito Federal e do Sebrae\u00a0<span> do Distrito Federal<\/span>, promovem na pr\u00f3xima segunda-feira (29) o Semin\u00e1rio \u2018Empreendedor Individual: inclus\u00e3o econ\u00f4mica e social\u2019.<\/span><\/p>\n<p style=\"margin-top: 0cm; margin-right: 0cm; margin-bottom: 0pt; margin-left: 0cm; text-indent: 35.45pt; line-height: 19px; text-align: justify;\"><span style=\"font-family: Arial;\">A inten\u00e7\u00e3o \u00e9 sensibilizar e preparar os empres\u00e1rios da \u00e1rea cont\u00e1bil e escrit\u00f3rios optantes pelo Simples Nacional sobre a import\u00e2ncia do atendimento ao Empreendedor Individual, focando o desenvolvimento da responsabilidade profissional e social do contabilista. Na programa\u00e7\u00e3o constar\u00e1 uma apresenta\u00e7\u00e3o sobre o Empreendedor Individual, assim como informa\u00e7\u00f5es sobre processo de registro e alvar\u00e1 de funcionamento, al\u00e9m de oficinas sobre o portal do Empreendedor Individual e gest\u00e3o tribut\u00e1ria.<\/span><\/p>\n<p style=\"margin-top: 0cm; margin-right: 0cm; margin-bottom: 0pt; margin-left: 0cm; text-indent: 35.45pt; line-height: 19px; text-align: justify;\"><span style=\"font-family: Arial;\">Para a presidente do Conselho Federal de Contabilidade (CFC), Maria Clara Cavalcante Bugarim, os contabilistas ter\u00e3o a importante miss\u00e3o de contribuir para a redu\u00e7\u00e3o da informalidade no Brasil, o que demandar\u00e1 esclarecimento sobre o seu funcionamento e a divulga\u00e7\u00e3o dos benef\u00edcios perante o seu p\u00fablico-alvo. \u201cA Classe Cont\u00e1bil mostrar\u00e1 aos microempreendedores que a formalidade \u00e9 um bom neg\u00f3cio\u201d, observa.<\/span><\/p>\n<p style=\"margin-top: 0cm; margin-right: 0cm; margin-bottom: 0pt; margin-left: 0cm; text-indent: 35.45pt; line-height: 19px; text-align: justify;\"><span style=\"font-family: Arial;\">O semin\u00e1rio se realizar\u00e1 na sede do CFC, em Bras\u00edlia, e as inscri\u00e7\u00f5es podem ser feitas gratuitamente na central de relacionamento do Sebrae\u00a0&#8211; 0800 570 0800 -, at\u00e9 a pr\u00f3xima sexta-feira (26).<\/span><\/p>\n","protected":false},"excerpt":{"rendered":"<p>A menos de 15 dias para vigorar as altera\u00e7\u00f5es da Lei Geral, promovidas pela LC n\u00b0 128\/2008, que cria a figura do Microempreendedor Individual (MEI), o Conselho Federal de Contabilidade &#8211; CFC, em parceria com o\u00a0Conselho Regional de Contabilidade do Distrito Federal e do Sebrae\u00a0 do Distrito Federal, promovem na pr\u00f3xima segunda-feira (29) o Semin\u00e1rio [&hellip;]<\/p>\n","protected":false},"author":2,"featured_media":0,"comment_status":"open","ping_status":"open","sticky":false,"template":"","format":"standard","meta":{"tdm_status":"","tdm_grid_status":"","footnotes":""},"categories":[22,7],"tags":[],"class_list":{"0":"post-3733","1":"post","2":"type-post","3":"status-publish","4":"format-standard","6":"category-brasil","7":"category-economia"},"_links":{"self":[{"href":"https:\/\/migracao.redenoticia.com.br\/noticia\/wp-json\/wp\/v2\/posts\/3733","targetHints":{"allow":["GET"]}}],"collection":[{"href":"https:\/\/migracao.redenoticia.com.br\/noticia\/wp-json\/wp\/v2\/posts"}],"about":[{"href":"https:\/\/migracao.redenoticia.com.br\/noticia\/wp-json\/wp\/v2\/types\/post"}],"author":[{"embeddable":true,"href":"https:\/\/migracao.redenoticia.com.br\/noticia\/wp-json\/wp\/v2\/users\/2"}],"replies":[{"embeddable":true,"href":"https:\/\/migracao.redenoticia.com.br\/noticia\/wp-json\/wp\/v2\/comments?post=3733"}],"version-history":[{"count":0,"href":"https:\/\/migracao.redenoticia.com.br\/noticia\/wp-json\/wp\/v2\/posts\/3733\/revisions"}],"wp:attachment":[{"href":"https:\/\/migracao.redenoticia.com.br\/noticia\/wp-json\/wp\/v2\/media?parent=3733"}],"wp:term":[{"taxonomy":"category","embeddable":true,"href":"https:\/\/migracao.redenoticia.com.br\/noticia\/wp-json\/wp\/v2\/categories?post=3733"},{"taxonomy":"post_tag","embeddable":true,"href":"https:\/\/migracao.redenoticia.com.br\/noticia\/wp-json\/wp\/v2\/tags?post=3733"}],"curies":[{"name":"wp","href":"https:\/\/api.w.org\/{rel}","templated":true}]}}