{"id":37368,"date":"2011-11-25T15:47:31","date_gmt":"2011-11-25T17:47:31","guid":{"rendered":"http:\/\/www.redenoticia.com.br\/noticia\/?p=37368"},"modified":"2011-11-25T15:47:31","modified_gmt":"2011-11-25T17:47:31","slug":"vestibular-das-fatecs-prova-sera-aplicada-no-dia-4-de-dezembro","status":"publish","type":"post","link":"https:\/\/migracao.redenoticia.com.br\/noticia\/2011\/vestibular-das-fatecs-prova-sera-aplicada-no-dia-4-de-dezembro\/37368","title":{"rendered":"Vestibular das Fatecs &#8211; prova ser\u00e1 aplicada no dia 4 de dezembro"},"content":{"rendered":"<p><img loading=\"lazy\" decoding=\"async\" class=\"alignleft size-full wp-image-36244\" title=\"aluno vestibular\" src=\"https:\/\/migracao.redenoticia.com.br\/noticia\/imagens\/aluno-vestibular.jpg\" alt=\"\" width=\"300\" height=\"193\" srcset=\"https:\/\/migracao.redenoticia.com.br\/noticia\/imagens\/aluno-vestibular.jpg 300w, https:\/\/migracao.redenoticia.com.br\/noticia\/imagens\/aluno-vestibular-250x161.jpg 250w, https:\/\/migracao.redenoticia.com.br\/noticia\/imagens\/aluno-vestibular-150x97.jpg 150w\" sizes=\"auto, (max-width: 300px) 100vw, 300px\" \/>O curso de An\u00e1lise e Desenvolvimento de Sistemas, da Fatec Zona Leste, localizada na capital, tem o maior \u00edndice de candidatos por vaga do <em><strong>Vestibular<\/strong><\/em> das Faculdades de Tecnologia (<em><strong>Fatecs<\/strong><\/em>) do Estado de S\u00e3o Paulo para o 1\u00ba semestre de 2012. Foram 858 inscritos para concorrer a 40 vagas, o que representa 21,45 candidatos por vaga.\u00a0A <em><strong>prova<\/strong><\/em> ser\u00e1 aplicada no dia 4 de dezembro. Ao todo, 51.898 candidatos disputar\u00e3o as 11.360 vagas, distribu\u00eddas entre as 52 unidades que oferecem 61 cursos de gradua\u00e7\u00e3o tecnol\u00f3gica. A demanda por curso e unidade est\u00e1 dispon\u00edvel no site <a href=\"http:\/\/www.vestibularfatec.com.br\" target=\"_blank\">www.vestibularfatec.com.br<\/a>.<\/p>\n<p>Novidades do Vestibular<\/p>\n<p>A futura Fatec Jacare\u00ed passa a integrar o processo seletivo, oferecendo 40 vagas no per\u00edodo da manh\u00e3 para o curso superior de tecnologia em Meio Ambiente e Recursos H\u00eddricos.<\/p>\n<p>Do total de 61 cursos de gradua\u00e7\u00e3o tecnol\u00f3gica que ser\u00e3o oferecidos, um \u00e9 in\u00e9dito:<\/p>\n<p>* Agroind\u00fastria, nas Fatecs de Cap\u00e3o Bonito e de Piracicaba (40 vagas em cada unidade, no per\u00edodo da manh\u00e3).<\/p>\n<p>Cinco Fatecs v\u00e3o ampliar o n\u00famero de cursos oferecidos:<\/p>\n<p>* Fatec Indaiatuba &#8211; An\u00e1lise e Desenvolvimento de Sistemas (40 vagas de tarde);<br \/>\n* Fatec Itu &#8211; Mecatr\u00f4nica Industrial (40 vagas de manh\u00e3);<br \/>\n* Fatec Osasco &#8211; Redes de Computadores (80 vagas entre manh\u00e3 e noite);<br \/>\n* Fatec Ipiranga (S\u00e3o Paulo) &#8211; Gest\u00e3o de Recursos Humanos (40 vagas de noite); e<br \/>\n* Fatec Tatuap\u00e9 (S\u00e3o Paulo) &#8211; Transporte Terrestre (80 vagas entre tarde e noite).<\/p>\n<p>Quatro Fatecs v\u00e3o implantar novas turmas em cursos j\u00e1 existentes:<\/p>\n<p>* Fatec Franca &#8211; An\u00e1lise e Desenvolvimento de Sistemas (40 vagas de noite);<br \/>\n* Fatec Itaquaquecetuba &#8211; Secretariado (40 vagas de noite);<br \/>\n* Fatec Mau\u00e1 &#8211; Log\u00edstica (40 vagas de noite);<br \/>\n* Fatec Tatu\u00ed &#8211; Gest\u00e3o da Tecnologia da Informa\u00e7\u00e3o (40 vagas de noite).<\/p>\n<p>Outras informa\u00e7\u00f5es pelos telefones (11) 3471-4103 (Capital e Grande S\u00e3o Paulo) e 0800-596 9696 (demais localidades) ou pelo site www.vestibularfatec.com.br.<\/p>\n<p>Do Centro Paula Souza<\/p>\n","protected":false},"excerpt":{"rendered":"<p>O curso de An\u00e1lise e Desenvolvimento de Sistemas, da Fatec Zona Leste, localizada na capital, tem o maior \u00edndice de candidatos por vaga do Vestibular das Faculdades de Tecnologia (Fatecs) do Estado de S\u00e3o Paulo para o 1\u00ba semestre de 2012. Foram 858 inscritos para concorrer a 40 vagas, o que representa 21,45 candidatos por [&hellip;]<\/p>\n","protected":false},"author":3,"featured_media":36244,"comment_status":"open","ping_status":"closed","sticky":false,"template":"","format":"standard","meta":{"tdm_status":"","tdm_grid_status":"","footnotes":""},"categories":[22,370,295],"tags":[],"class_list":{"0":"post-37368","1":"post","2":"type-post","3":"status-publish","4":"format-standard","5":"has-post-thumbnail","7":"category-brasil","8":"category-inscricao","9":"category-vestibular"},"_links":{"self":[{"href":"https:\/\/migracao.redenoticia.com.br\/noticia\/wp-json\/wp\/v2\/posts\/37368","targetHints":{"allow":["GET"]}}],"collection":[{"href":"https:\/\/migracao.redenoticia.com.br\/noticia\/wp-json\/wp\/v2\/posts"}],"about":[{"href":"https:\/\/migracao.redenoticia.com.br\/noticia\/wp-json\/wp\/v2\/types\/post"}],"author":[{"embeddable":true,"href":"https:\/\/migracao.redenoticia.com.br\/noticia\/wp-json\/wp\/v2\/users\/3"}],"replies":[{"embeddable":true,"href":"https:\/\/migracao.redenoticia.com.br\/noticia\/wp-json\/wp\/v2\/comments?post=37368"}],"version-history":[{"count":0,"href":"https:\/\/migracao.redenoticia.com.br\/noticia\/wp-json\/wp\/v2\/posts\/37368\/revisions"}],"wp:featuredmedia":[{"embeddable":true,"href":"https:\/\/migracao.redenoticia.com.br\/noticia\/wp-json\/wp\/v2\/media\/36244"}],"wp:attachment":[{"href":"https:\/\/migracao.redenoticia.com.br\/noticia\/wp-json\/wp\/v2\/media?parent=37368"}],"wp:term":[{"taxonomy":"category","embeddable":true,"href":"https:\/\/migracao.redenoticia.com.br\/noticia\/wp-json\/wp\/v2\/categories?post=37368"},{"taxonomy":"post_tag","embeddable":true,"href":"https:\/\/migracao.redenoticia.com.br\/noticia\/wp-json\/wp\/v2\/tags?post=37368"}],"curies":[{"name":"wp","href":"https:\/\/api.w.org\/{rel}","templated":true}]}}