{"id":37369,"date":"2011-11-25T15:52:03","date_gmt":"2011-11-25T17:52:03","guid":{"rendered":"http:\/\/www.redenoticia.com.br\/noticia\/?p=37369"},"modified":"2011-11-25T15:52:03","modified_gmt":"2011-11-25T17:52:03","slug":"estado-sp-autoriza-concurso-publico-para-a-famerp","status":"publish","type":"post","link":"https:\/\/migracao.redenoticia.com.br\/noticia\/2011\/estado-sp-autoriza-concurso-publico-para-a-famerp\/37369","title":{"rendered":"Estado SP autoriza concurso p\u00fablico para a Famerp"},"content":{"rendered":"<p><em><strong><img loading=\"lazy\" decoding=\"async\" class=\"alignleft size-full wp-image-28954\" title=\"concurso publico\" src=\"https:\/\/migracao.redenoticia.com.br\/noticia\/imagens\/concurso-publico.jpg\" alt=\"\" width=\"300\" height=\"193\" srcset=\"https:\/\/migracao.redenoticia.com.br\/noticia\/imagens\/concurso-publico.jpg 300w, https:\/\/migracao.redenoticia.com.br\/noticia\/imagens\/concurso-publico-250x160.jpg 250w, https:\/\/migracao.redenoticia.com.br\/noticia\/imagens\/concurso-publico-150x96.jpg 150w\" sizes=\"auto, (max-width: 300px) 100vw, 300px\" \/>Concurso P\u00fablico<\/strong><\/em> Famerp &#8211; o governador Geraldo Alckmin assinou nesta quinta-feira, 24, em S\u00e3o Paulo, autoriza\u00e7\u00e3o para que a Faculdade de Medicina de S\u00e3o Jos\u00e9 do Rio Preto (<em><strong>Famerp<\/strong><\/em>) abra mais <em><strong>150 vagas<\/strong><\/em> de trabalho. Os novos profissionais ir\u00e3o atuar em v\u00e1rios setores da institui\u00e7\u00e3o.<\/p>\n<p>O evento, ocorrido no Pal\u00e1cio dos Bandeirantes, em S\u00e3o Paulo, teve a presen\u00e7a tamb\u00e9m do secret\u00e1rio de Desenvolvimento Econ\u00f4mico, Ci\u00eancia e Tecnologia, Paulo Alexandre Barbosa, do diretor da Famerp, Humberto Liedtke e do diretor do Hospital de Base de Rio Preto, Hor\u00e1cio Jos\u00e9 Ramalho.<\/p>\n<p>Segundo o governador Geraldo Alckmin, o preenchimento destas 150 novas vagas \u00e9 um grande avan\u00e7o para a Famerp. &#8220;Estes cargos nas \u00e1reas acad\u00eamica e administrativa contribuir\u00e3o para a boa gest\u00e3o no ensino e na administra\u00e7\u00e3o da faculdade, completando o quadro de excel\u00eancia junto aos seus docentes&#8221;.<br \/>\nA abertura do concurso p\u00fablico para preenchimento das vagas ficar\u00e1 a cargo da Famerp.<\/p>\n<p>Os 150 novos postos de trabalho ser\u00e3o oferecidos para os seguintes cargos: auxiliar de servi\u00e7o administrativo (60), t\u00e9cnico de servi\u00e7o acad\u00eamico (40), analista de servi\u00e7os administrativo (20), analista de servi\u00e7o acad\u00eamico (26), t\u00e9cnico em sa\u00fade do trabalhador (2), especialista em sa\u00fade do trabalhador I (1) e especialista em sa\u00fade do trabalhador II (1).<\/p>\n<p>A Famerp tem hoje mais de 500 pesquisas em andamento, atua em parceria com o Hospital de Base e tamb\u00e9m ser\u00e1 parceira no Parque Tecnol\u00f3gico, que est\u00e1 sendo instalado na cidade tamb\u00e9m com a ajuda do Governo do Estado. Institui\u00e7\u00e3o de destaque, a Famerp possui dois cursos de gradua\u00e7\u00e3o (380 alunos de medicina e 260 enfermagem) e oferece 280 vagas na p\u00f3s-gradua\u00e7\u00e3o strictu sensu e 350 vagas na p\u00f3s-gradua\u00e7\u00e3o latu sensu.<\/p>\n<p>Do Portal do Governo do Estado<\/p>\n","protected":false},"excerpt":{"rendered":"<p>Concurso P\u00fablico Famerp &#8211; o governador Geraldo Alckmin assinou nesta quinta-feira, 24, em S\u00e3o Paulo, autoriza\u00e7\u00e3o para que a Faculdade de Medicina de S\u00e3o Jos\u00e9 do Rio Preto (Famerp) abra mais 150 vagas de trabalho. Os novos profissionais ir\u00e3o atuar em v\u00e1rios setores da institui\u00e7\u00e3o. O evento, ocorrido no Pal\u00e1cio dos Bandeirantes, em S\u00e3o Paulo, [&hellip;]<\/p>\n","protected":false},"author":3,"featured_media":28954,"comment_status":"open","ping_status":"closed","sticky":false,"template":"","format":"standard","meta":{"tdm_status":"","tdm_grid_status":"","footnotes":""},"categories":[22,352,370],"tags":[],"class_list":{"0":"post-37369","1":"post","2":"type-post","3":"status-publish","4":"format-standard","5":"has-post-thumbnail","7":"category-brasil","8":"category-concursos","9":"category-inscricao"},"_links":{"self":[{"href":"https:\/\/migracao.redenoticia.com.br\/noticia\/wp-json\/wp\/v2\/posts\/37369","targetHints":{"allow":["GET"]}}],"collection":[{"href":"https:\/\/migracao.redenoticia.com.br\/noticia\/wp-json\/wp\/v2\/posts"}],"about":[{"href":"https:\/\/migracao.redenoticia.com.br\/noticia\/wp-json\/wp\/v2\/types\/post"}],"author":[{"embeddable":true,"href":"https:\/\/migracao.redenoticia.com.br\/noticia\/wp-json\/wp\/v2\/users\/3"}],"replies":[{"embeddable":true,"href":"https:\/\/migracao.redenoticia.com.br\/noticia\/wp-json\/wp\/v2\/comments?post=37369"}],"version-history":[{"count":0,"href":"https:\/\/migracao.redenoticia.com.br\/noticia\/wp-json\/wp\/v2\/posts\/37369\/revisions"}],"wp:featuredmedia":[{"embeddable":true,"href":"https:\/\/migracao.redenoticia.com.br\/noticia\/wp-json\/wp\/v2\/media\/28954"}],"wp:attachment":[{"href":"https:\/\/migracao.redenoticia.com.br\/noticia\/wp-json\/wp\/v2\/media?parent=37369"}],"wp:term":[{"taxonomy":"category","embeddable":true,"href":"https:\/\/migracao.redenoticia.com.br\/noticia\/wp-json\/wp\/v2\/categories?post=37369"},{"taxonomy":"post_tag","embeddable":true,"href":"https:\/\/migracao.redenoticia.com.br\/noticia\/wp-json\/wp\/v2\/tags?post=37369"}],"curies":[{"name":"wp","href":"https:\/\/api.w.org\/{rel}","templated":true}]}}