{"id":37371,"date":"2011-11-25T15:58:19","date_gmt":"2011-11-25T17:58:19","guid":{"rendered":"http:\/\/www.redenoticia.com.br\/noticia\/?p=37371"},"modified":"2011-11-25T15:58:19","modified_gmt":"2011-11-25T17:58:19","slug":"bolsas-de-pre-iniciacao-cientifica-para-alunos-do-rio-de-janeiro","status":"publish","type":"post","link":"https:\/\/migracao.redenoticia.com.br\/noticia\/2011\/bolsas-de-pre-iniciacao-cientifica-para-alunos-do-rio-de-janeiro\/37371","title":{"rendered":"Bolsas de pr\u00e9-inicia\u00e7\u00e3o cient\u00edfica para alunos do Rio de Janeiro"},"content":{"rendered":"<p><img loading=\"lazy\" decoding=\"async\" class=\"alignleft size-full wp-image-34767\" title=\"bolsa de estudo\" src=\"https:\/\/migracao.redenoticia.com.br\/noticia\/imagens\/bolsa-de-estudo.jpg\" alt=\"\" width=\"300\" height=\"193\" srcset=\"https:\/\/migracao.redenoticia.com.br\/noticia\/imagens\/bolsa-de-estudo.jpg 300w, https:\/\/migracao.redenoticia.com.br\/noticia\/imagens\/bolsa-de-estudo-250x160.jpg 250w, https:\/\/migracao.redenoticia.com.br\/noticia\/imagens\/bolsa-de-estudo-150x96.jpg 150w\" sizes=\"auto, (max-width: 300px) 100vw, 300px\" \/>Rio de Janeiro \u2013 Estudar os tri\u00e2ngulos por meio de origamis \u00e9 o m\u00e9todo que a estudante La\u00eds Martins, de 14 anos, desenvolveu para ajudar alunos de matem\u00e1tica a aprender geometria de maneira mais descontra\u00edda e l\u00fadica. La\u00eds \u00e9 uma das bolsistas do <em><strong>Pibiquinho<\/strong><\/em>, uma vers\u00e3o infantojuvenil do Programa Institucional de Bolsas de Inicia\u00e7\u00e3o Cient\u00edfica (Pibic) do Conselho Nacional de Desenvolvimento Cient\u00edfico e Tecnol\u00f3gico (CNPq). A iniciativa \u00e9 do Col\u00e9gio Universit\u00e1rio Geraldo Reis (Coluni), institui\u00e7\u00e3o ligada \u00e0 Universidade Federal Fluminense (UFF).<\/p>\n<p>\u201cA base do meu\u00a0trabalho s\u00e3o as figuras planas. Fica mais f\u00e1cil aprender, sem ser s\u00f3 com conta, o que \u00e9 chato e dif\u00edcil para a maioria. O aluno aprende a fazer o origami, que ajuda a visualizar melhor os tri\u00e2ngulos e tamb\u00e9m serve como decora\u00e7\u00e3o\u201d, destaca a adolescente, que pretende cursar arquitetura ou engenharia.<\/p>\n<div>\n<div>\n<p>O Pibiquinho, que completa dois anos e conta com apoio da Pr\u00f3-Reitoria de Pesquisa, P\u00f3s-Gradua\u00e7\u00e3o e Inova\u00e7\u00e3o (Proppi) da UFF, oferece bolsas no valor de R$ 200 mensais a alunos do ensino fundamental da escola \u2013 aproximadamente de 330 estudantes nesse segmento. As bolsas t\u00eam dura\u00e7\u00e3o de um ano, renov\u00e1veis por mais um ano.<\/p>\n<p>Em 2010, foram oferecidas dez bolsas e em 2011, 15. A ideia \u00e9 duplicar esse n\u00famero no ano que vem, segundo a diretora da escola, Idu\u00edna Mont&#8217;alverne Chaves, que idealizou o projeto com a professora de biologia da UFF Izabel Paix\u00e3o.<\/p>\n<p>\u201cFicou not\u00f3rio que as crian\u00e7as que participaram desse projeto acabaram tendo um desempenho na escola diferenciado. A ideia \u00e9 formar mais e mais pequenos cientistas para que possam atuar na sociedade de maneira cr\u00edtica, tratando da ci\u00eancia com consci\u00eancia, sabendo para que e por que est\u00e3o desenvolvendo determinado tipo de pesquisa\u201d, ressalta a diretora.<\/p>\n<p>Izabel Paix\u00e3o destaca que um objetivo importante do projeto \u00e9 o de integrar a universidade com o col\u00e9gio. \u201cA gente despertou a curiosidade pela pesquisa cient\u00edfica e esses alunos acabam por ajudar a divulgar esses conhecimentos para a sua fam\u00edlia e conhecidos\u201d.<\/p>\n<p>A professora de biologia cita o exemplo de um dos bolsistas, Dyego L\u00facio de Ara\u00fajo Estev\u00e3o Rodrigues, de 11 anos, que leu 18 livros em cinco meses e escreveu sobre cada um deles. Com o projeto de incentivo \u00e0 leitura, Dyego tomou gosto pelos livros e melhorou o vocabul\u00e1rio. Com o dinheiro da bolsa, ele conseguiu comprar um computador.<\/p>\n<p>Outro participante, Pedro Henrique da Silva, de 15 anos, ganhou o primeiro lugar na premia\u00e7\u00e3o da Agenda Acad\u00eamica UFF. Ele criou uma biblioteca de plantas medicinais na escola, com 20 esp\u00e9cies catalogadas, que foram colhidas no quintal das casas, na escola e nos arredores do bairro de S\u00e3o Domingos, em Niter\u00f3i.<\/p>\n<p>Os projetos est\u00e3o dispon\u00edveis no <a href=\"http:\/\/www.uff.br\/\" rel=\"nofollow\">site <\/a><a href=\"http:\/\/www.uff.br\/\" rel=\"nofollow\" target=\"_blank\">da UFF<\/a> e os professores de gradua\u00e7\u00e3o da universidade se inscrevem como colaboradores para orientar os alunos. H\u00e1 um orientador do pr\u00f3prio col\u00e9gio e um coorientador da universidade.<\/p>\n<div>\n<div>\n<p>Fl\u00e1via Villela<\/p>\n<\/div>\n<\/div>\n<p>Rep\u00f3rter da Ag\u00eancia Brasil<\/p>\n<p>Edi\u00e7\u00e3o: Juliana Andrade<\/p>\n<p>&nbsp;<\/p>\n<\/div>\n<\/div>\n","protected":false},"excerpt":{"rendered":"<p>Rio de Janeiro \u2013 Estudar os tri\u00e2ngulos por meio de origamis \u00e9 o m\u00e9todo que a estudante La\u00eds Martins, de 14 anos, desenvolveu para ajudar alunos de matem\u00e1tica a aprender geometria de maneira mais descontra\u00edda e l\u00fadica. La\u00eds \u00e9 uma das bolsistas do Pibiquinho, uma vers\u00e3o infantojuvenil do Programa Institucional de Bolsas de Inicia\u00e7\u00e3o Cient\u00edfica [&hellip;]<\/p>\n","protected":false},"author":3,"featured_media":34767,"comment_status":"open","ping_status":"closed","sticky":false,"template":"","format":"standard","meta":{"tdm_status":"","tdm_grid_status":"","footnotes":""},"categories":[22],"tags":[],"class_list":{"0":"post-37371","1":"post","2":"type-post","3":"status-publish","4":"format-standard","5":"has-post-thumbnail","7":"category-brasil"},"_links":{"self":[{"href":"https:\/\/migracao.redenoticia.com.br\/noticia\/wp-json\/wp\/v2\/posts\/37371","targetHints":{"allow":["GET"]}}],"collection":[{"href":"https:\/\/migracao.redenoticia.com.br\/noticia\/wp-json\/wp\/v2\/posts"}],"about":[{"href":"https:\/\/migracao.redenoticia.com.br\/noticia\/wp-json\/wp\/v2\/types\/post"}],"author":[{"embeddable":true,"href":"https:\/\/migracao.redenoticia.com.br\/noticia\/wp-json\/wp\/v2\/users\/3"}],"replies":[{"embeddable":true,"href":"https:\/\/migracao.redenoticia.com.br\/noticia\/wp-json\/wp\/v2\/comments?post=37371"}],"version-history":[{"count":0,"href":"https:\/\/migracao.redenoticia.com.br\/noticia\/wp-json\/wp\/v2\/posts\/37371\/revisions"}],"wp:featuredmedia":[{"embeddable":true,"href":"https:\/\/migracao.redenoticia.com.br\/noticia\/wp-json\/wp\/v2\/media\/34767"}],"wp:attachment":[{"href":"https:\/\/migracao.redenoticia.com.br\/noticia\/wp-json\/wp\/v2\/media?parent=37371"}],"wp:term":[{"taxonomy":"category","embeddable":true,"href":"https:\/\/migracao.redenoticia.com.br\/noticia\/wp-json\/wp\/v2\/categories?post=37371"},{"taxonomy":"post_tag","embeddable":true,"href":"https:\/\/migracao.redenoticia.com.br\/noticia\/wp-json\/wp\/v2\/tags?post=37371"}],"curies":[{"name":"wp","href":"https:\/\/api.w.org\/{rel}","templated":true}]}}