{"id":37374,"date":"2011-11-25T20:50:45","date_gmt":"2011-11-25T22:50:45","guid":{"rendered":"http:\/\/www.redenoticia.com.br\/noticia\/?p=37374"},"modified":"2011-11-26T19:04:07","modified_gmt":"2011-11-26T21:04:07","slug":"meteorologia-%e2%80%93-previsao-do-tempo-para-este-sabado-2611","status":"publish","type":"post","link":"https:\/\/migracao.redenoticia.com.br\/noticia\/2011\/meteorologia-%e2%80%93-previsao-do-tempo-para-este-sabado-2611\/37374","title":{"rendered":"Meteorologia \u2013 previs\u00e3o do tempo para este s\u00e1bado 26\/11"},"content":{"rendered":"<p><img loading=\"lazy\" decoding=\"async\" class=\"alignleft size-full wp-image-28409\" title=\"previsao do tempo e temperatura\" src=\"https:\/\/migracao.redenoticia.com.br\/noticia\/imagens\/previsao-do-tempo-e-temperatura.jpg\" alt=\"\" width=\"300\" height=\"193\" srcset=\"https:\/\/migracao.redenoticia.com.br\/noticia\/imagens\/previsao-do-tempo-e-temperatura.jpg 300w, https:\/\/migracao.redenoticia.com.br\/noticia\/imagens\/previsao-do-tempo-e-temperatura-250x160.jpg 250w, https:\/\/migracao.redenoticia.com.br\/noticia\/imagens\/previsao-do-tempo-e-temperatura-150x96.jpg 150w\" sizes=\"auto, (max-width: 300px) 100vw, 300px\" \/>Previs\u00e3o do tempo\u00a0\u2013 a \u00a0<strong><em>meteorologia<\/em><\/strong>\u00a0divulgou a <strong><em>previs\u00e3o do tempo<\/em><\/strong> e \u00a0<strong><em>temperatura<\/em><\/strong>\u00a0para\u00a0s\u00e1bado (26\/11)\u00a0e informa que \u00a0a chuva forte dever\u00e1 se concentrar sobre MG (exceto a entrada do Tri\u00e2ngulo Mineiro, divisa com GO e noroeste de SP), regi\u00e3o do Vale do Para\u00edba (principalmente na Serra da Mantiqueira, por\u00e9m de forma bastante isolada n\u00e3o se descarta no Vale), RJ (embora com menores chances tamb\u00e9m poder\u00e1 atingir a capital), ES (incluindo a capital), sul e oeste da BA, nordeste e leste de GO (incluindo a capital), DF, norte e oeste em MT, sul do PI e do MA, TO, sul do PA e sul, centro e leste do AM (incluindo a capital), leste e norte do AC e RO.\u00a0Segundo a previs\u00e3o do tempo nas demais \u00e1reas do pa\u00eds haver\u00e1 nebulosidade vari\u00e1vel com pancadas de chuva isoladas. Dados da previs\u00e3o do tempo indicam que no oeste de MG e de SP h\u00e1 maior possibilidade de pancadas de chuva \u00e0 tarde. A previs\u00e3o do tempo destaca que as temperaturas estar\u00e3o elevadas em todo o pa\u00eds.<\/p>\n<p>Vale do Para\u00edba- previs\u00e3o do tempo no s\u00e1bado (26\/11) a nebulosidade aumentar\u00e1 no decorrer do dia, e a partir da tarde ocorrer\u00e3o pancadas de chuva. O tempo estar\u00e1 abafado.<\/p>\n<p>Regi\u00e3o Centro-Oeste \u2013 previs\u00e3o do tempo em\u00a026\/11\/2011:\u00a0No extremo leste de MT, centro-norte de GO e no DF: nublado com pancadas de chuva. No sul de MT e oeste de MS e sudoeste de GO: sol e poucas nuvens. No centro-leste de MS e sul de GO: possibilidade de pancadas de chuva \u00e0 tarde. Nas demais \u00e1reas da Regi\u00e3o: varia\u00e7\u00e3o de nuvens e pancadas de chuva. Temperatura est\u00e1vel. Temperatura m\u00e1xima: 40C no oeste de MS. Temperatura m\u00ednima: 17C sul de MS.<\/p>\n<p>Regi\u00e3o Nordeste \u2013 previs\u00e3o do tempo em\u00a026\/11\/2011:\u00a0No norte do MA e do PI: pancadas de chuva \u00e0 tarde. Na faixa litor\u00e2nea do CE at\u00e9 o SE: sol e varia\u00e7\u00e3o de nuvens. No nordeste da regi\u00e3o: sol e poucas nuvens. No leste de PI e norte da BA: nublado. No leste da BA: possibilidade de pancadas de chuva. No extremo sul da BA: inst\u00e1vel, com poucas aberturas de sol e chuva. Nas demais \u00e1reas da regi\u00e3o: nublado e pancadas de chuva. Temperaturas est\u00e1veis. Temperatura m\u00e1xima: 36C no norte do PI. Temperatura m\u00ednima: 18C no sul da BA.<\/p>\n<p>Regi\u00e3o Norte \u2013 previs\u00e3o do tempo em\u00a026\/11\/2011:\u00a0No leste do AP e nordeste do PA: pancadas de chuva \u00e0 tarde. No oeste do AP e noroeste do PA: sol e varia\u00e7\u00e3o de nuvens. No TO e sudeste do PA: nublado com pancadas de chuva. Nas demais \u00e1reas da Regi\u00e3o: varia\u00e7\u00e3o de nebulosidade com pancadas de chuva. Temperaturas est\u00e1veis. Temperatura m\u00e1xima: 39C no leste do AM. Temperatura m\u00ednima: 18C noroeste de RR.<\/p>\n<p>Regi\u00e3o Sudeste \u2013 previs\u00e3o do tempo em\u00a026\/11\/2011:\u00a0No oeste de MG e de SP: possibilidade de pancadas de chuva \u00e0 tarde. No nordeste e norte de SP e sul do RJ: pancadas de chuva \u00e0 tarde. No sudoeste e sul de SP: sol e varia\u00e7\u00e3o de nuvens. Nas demais \u00e1reas da regi\u00e3o: nublado com pancadas de chuva. Temperaturas est\u00e1veis. Temperatura m\u00e1xima: 36C no oeste de SP e de MG. Temperatura m\u00ednima: 14C no sul de SP.<\/p>\n<p>Regi\u00e3o Sul \u2013 previs\u00e3o do tempo em\u00a026\/11\/2011:\u00a0No norte do PR: sol e poucas nuvens. No sudeste do PR, leste de SC e nordeste do RS: pancadas de chuva. No oeste do PR, oeste de SC e norte do RS: pancadas de chuva a tarde. Nas demais \u00e1reas do RS: predom\u00ednio de sol. Temperaturas est\u00e1veis. Temperatura m\u00e1xima: 34C no noroeste do PR. Temperatura m\u00ednima: 10C no sul do RS.<\/p>\n<p>Previs\u00e3o do tempo e temperatura CPTEC<\/p>\n","protected":false},"excerpt":{"rendered":"<p>Previs\u00e3o do tempo\u00a0\u2013 a \u00a0meteorologia\u00a0divulgou a previs\u00e3o do tempo e \u00a0temperatura\u00a0para\u00a0s\u00e1bado (26\/11)\u00a0e informa que \u00a0a chuva forte dever\u00e1 se concentrar sobre MG (exceto a entrada do Tri\u00e2ngulo Mineiro, divisa com GO e noroeste de SP), regi\u00e3o do Vale do Para\u00edba (principalmente na Serra da Mantiqueira, por\u00e9m de forma bastante isolada n\u00e3o se descarta no Vale), [&hellip;]<\/p>\n","protected":false},"author":3,"featured_media":28409,"comment_status":"open","ping_status":"closed","sticky":false,"template":"","format":"standard","meta":{"tdm_status":"","tdm_grid_status":"","footnotes":""},"categories":[22,327,376],"tags":[],"class_list":{"0":"post-37374","1":"post","2":"type-post","3":"status-publish","4":"format-standard","5":"has-post-thumbnail","7":"category-brasil","8":"category-clima","9":"category-clima-brasil"},"_links":{"self":[{"href":"https:\/\/migracao.redenoticia.com.br\/noticia\/wp-json\/wp\/v2\/posts\/37374","targetHints":{"allow":["GET"]}}],"collection":[{"href":"https:\/\/migracao.redenoticia.com.br\/noticia\/wp-json\/wp\/v2\/posts"}],"about":[{"href":"https:\/\/migracao.redenoticia.com.br\/noticia\/wp-json\/wp\/v2\/types\/post"}],"author":[{"embeddable":true,"href":"https:\/\/migracao.redenoticia.com.br\/noticia\/wp-json\/wp\/v2\/users\/3"}],"replies":[{"embeddable":true,"href":"https:\/\/migracao.redenoticia.com.br\/noticia\/wp-json\/wp\/v2\/comments?post=37374"}],"version-history":[{"count":0,"href":"https:\/\/migracao.redenoticia.com.br\/noticia\/wp-json\/wp\/v2\/posts\/37374\/revisions"}],"wp:featuredmedia":[{"embeddable":true,"href":"https:\/\/migracao.redenoticia.com.br\/noticia\/wp-json\/wp\/v2\/media\/28409"}],"wp:attachment":[{"href":"https:\/\/migracao.redenoticia.com.br\/noticia\/wp-json\/wp\/v2\/media?parent=37374"}],"wp:term":[{"taxonomy":"category","embeddable":true,"href":"https:\/\/migracao.redenoticia.com.br\/noticia\/wp-json\/wp\/v2\/categories?post=37374"},{"taxonomy":"post_tag","embeddable":true,"href":"https:\/\/migracao.redenoticia.com.br\/noticia\/wp-json\/wp\/v2\/tags?post=37374"}],"curies":[{"name":"wp","href":"https:\/\/api.w.org\/{rel}","templated":true}]}}