{"id":3739,"date":"2009-06-25T13:39:15","date_gmt":"2009-06-25T17:39:15","guid":{"rendered":"http:\/\/www.redenoticia.com.br\/noticia\/?p=3739"},"modified":"2009-06-25T13:39:15","modified_gmt":"2009-06-25T17:39:15","slug":"10%c2%ba-forum-internacional-de-software-livre-tem-transmissao-de-radio-realizada-com-tecnologias-livres","status":"publish","type":"post","link":"https:\/\/migracao.redenoticia.com.br\/noticia\/2009\/10%c2%ba-forum-internacional-de-software-livre-tem-transmissao-de-radio-realizada-com-tecnologias-livres\/3739","title":{"rendered":"10\u00ba F\u00f3rum Internacional de Software Livre tem transmiss\u00e3o de r\u00e1dio realizada com tecnologias livres"},"content":{"rendered":"<p>De 24 a 27 de junho, acontece em Porto Alegre o 10\u00ba F\u00f3rum Internacional de Software Livre &#8211; fisl10. O fisl \u00e9 um dos maiores eventos do mundo na \u00e1rea e volta-se a discuss\u00f5es t\u00e9cnicas, pol\u00edticas e sociais sobre software livre no Brasil e no mundo.<br \/>\nNesta edi\u00e7\u00e3o, o evento traz uma novidade: a transmiss\u00e3o das atividades atrav\u00e9s da R\u00e1dio Software Livre, operando exclusivamente com o uso de tecnologias livres, na Internet, em<a style=\"color: #0000cc;\" href=\"http:\/\/stream.softwarelivre.org\/\" target=\"_blank\">http:\/\/stream.softwarelivre.org<\/a>. A R\u00e1dio Software Livre \u00e9 fruto de uma parceria entre a Associa\u00e7\u00e3o Software Livre e a R\u00e1dio UFSCar (emissora educativa da Universidade Federal de S\u00e3o Carlos, no Estado de S\u00e3o Paulo, acess\u00edvel em 95,3 FM em S\u00e3o Carlos e regi\u00e3o e pela Internet em\u00a0<a style=\"color: #0000cc;\" href=\"http:\/\/www.radio.ufscar.br\/\" target=\"_blank\">www.radio.ufscar.br<\/a>). A R\u00e1dio UFSCar \u00e9 a primeira r\u00e1dio brasileira a operar, desde 2007, exclusivamente com o uso de softwares livres.<br \/>\nA R\u00e1dio Software Livre divulgar\u00e1 not\u00edcias e entrevistas com os participantes do fisl10, inclusive o Presidente Lula, que deve comparecer ao evento na sexta-feira, 26. Al\u00e9m disso, h\u00e1 uma programa\u00e7\u00e3o musical com artistas independentes que incentivam o download e redistribui\u00e7\u00e3o de seu trabalho pela Internet. Os artistas que quiserem participar podem enviar seus trabalhos para o e-mail<a style=\"color: #0000cc;\" href=\"mailto:radiosl@softwarelivre.org\" target=\"_blank\">radiosl@softwarelivre.org<\/a> (duas ou tr\u00eas m\u00fasicas ou link para download de \u00e1lbum completo).<br \/>\nA programa\u00e7\u00e3o completa do fisl10 pode ser conferida em\u00a0<a style=\"color: #0000cc;\" href=\"http:\/\/www.fisl.org.br\/\" target=\"_blank\">www.fisl.org.br<\/a>.<\/p>\n","protected":false},"excerpt":{"rendered":"<p>De 24 a 27 de junho, acontece em Porto Alegre o 10\u00ba F\u00f3rum Internacional de Software Livre &#8211; fisl10. O fisl \u00e9 um dos maiores eventos do mundo na \u00e1rea e volta-se a discuss\u00f5es t\u00e9cnicas, pol\u00edticas e sociais sobre software livre no Brasil e no mundo. Nesta edi\u00e7\u00e3o, o evento traz uma novidade: a transmiss\u00e3o [&hellip;]<\/p>\n","protected":false},"author":2,"featured_media":0,"comment_status":"open","ping_status":"open","sticky":false,"template":"","format":"standard","meta":{"tdm_status":"","tdm_grid_status":"","footnotes":""},"categories":[22],"tags":[],"class_list":{"0":"post-3739","1":"post","2":"type-post","3":"status-publish","4":"format-standard","6":"category-brasil"},"_links":{"self":[{"href":"https:\/\/migracao.redenoticia.com.br\/noticia\/wp-json\/wp\/v2\/posts\/3739","targetHints":{"allow":["GET"]}}],"collection":[{"href":"https:\/\/migracao.redenoticia.com.br\/noticia\/wp-json\/wp\/v2\/posts"}],"about":[{"href":"https:\/\/migracao.redenoticia.com.br\/noticia\/wp-json\/wp\/v2\/types\/post"}],"author":[{"embeddable":true,"href":"https:\/\/migracao.redenoticia.com.br\/noticia\/wp-json\/wp\/v2\/users\/2"}],"replies":[{"embeddable":true,"href":"https:\/\/migracao.redenoticia.com.br\/noticia\/wp-json\/wp\/v2\/comments?post=3739"}],"version-history":[{"count":0,"href":"https:\/\/migracao.redenoticia.com.br\/noticia\/wp-json\/wp\/v2\/posts\/3739\/revisions"}],"wp:attachment":[{"href":"https:\/\/migracao.redenoticia.com.br\/noticia\/wp-json\/wp\/v2\/media?parent=3739"}],"wp:term":[{"taxonomy":"category","embeddable":true,"href":"https:\/\/migracao.redenoticia.com.br\/noticia\/wp-json\/wp\/v2\/categories?post=3739"},{"taxonomy":"post_tag","embeddable":true,"href":"https:\/\/migracao.redenoticia.com.br\/noticia\/wp-json\/wp\/v2\/tags?post=3739"}],"curies":[{"name":"wp","href":"https:\/\/api.w.org\/{rel}","templated":true}]}}