{"id":37396,"date":"2011-11-28T15:44:42","date_gmt":"2011-11-28T17:44:42","guid":{"rendered":"http:\/\/www.redenoticia.com.br\/noticia\/?p=37396"},"modified":"2011-11-28T15:44:42","modified_gmt":"2011-11-28T17:44:42","slug":"brasil-promove-intercambio-de-alunos-e-docentes-com-canada","status":"publish","type":"post","link":"https:\/\/migracao.redenoticia.com.br\/noticia\/2011\/brasil-promove-intercambio-de-alunos-e-docentes-com-canada\/37396","title":{"rendered":"Brasil promove interc\u00e2mbio de alunos e docentes com Canad\u00e1"},"content":{"rendered":"<p><img loading=\"lazy\" decoding=\"async\" class=\"alignleft size-full wp-image-34767\" title=\"bolsa de estudo\" src=\"https:\/\/migracao.redenoticia.com.br\/noticia\/imagens\/bolsa-de-estudo.jpg\" alt=\"\" width=\"300\" height=\"193\" srcset=\"https:\/\/migracao.redenoticia.com.br\/noticia\/imagens\/bolsa-de-estudo.jpg 300w, https:\/\/migracao.redenoticia.com.br\/noticia\/imagens\/bolsa-de-estudo-250x160.jpg 250w, https:\/\/migracao.redenoticia.com.br\/noticia\/imagens\/bolsa-de-estudo-150x96.jpg 150w\" sizes=\"auto, (max-width: 300px) 100vw, 300px\" \/>Brasil e Canad\u00e1 querem fortalecer a educa\u00e7\u00e3o profissional, promover pesquisas sobre o tema e criar uma pol\u00edtica de<em><strong> interc\u00e2mbio<\/strong><\/em> entre estudantes e professores dos dois pa\u00edses. Esta \u00e9 a orienta\u00e7\u00e3o do documento assinado em Montreal, na \u00faltima semana, durante o II Encontro <em><strong>Brasil-Canad\u00e1<\/strong><\/em>. A Secretaria de Educa\u00e7\u00e3o Profissional e Tecnol\u00f3gica (Setec) do Minist\u00e9rio da Educa\u00e7\u00e3o e o Conselho Nacional das Institui\u00e7\u00f5es da Rede Federal de Educa\u00e7\u00e3o Profissional, Cient\u00edfica e Tecnol\u00f3gica (Conif) representaram o Brasil, e a Associa\u00e7\u00e3o dos Colleges Comunit\u00e1rios Canadenses, com mais de 150 institui\u00e7\u00f5es associadas, o Canad\u00e1.<\/p>\n<p>Em 2012 os primeiros estudantes brasileiros dever\u00e3o iniciar suas aulas em institui\u00e7\u00f5es canadenses, enquanto os institutos federais receber\u00e3o alunos dos colleges comunit\u00e1rios canadenses. Com isto, estar\u00e1 dado o primeiro passo para a implanta\u00e7\u00e3o do Programa Ci\u00eancia Sem Fronteiras no \u00e2mbito da Rede Federal de Educa\u00e7\u00e3o Profissional, Cient\u00edfica e Tecnol\u00f3gica.<\/p>\n<p>O memorando de entendimento entre os dois pa\u00edses prev\u00ea que nos pr\u00f3ximos cinco anos ser\u00e3o desenvolvidas a\u00e7\u00f5es que permitam a mobilidade de estudantes e professores dos dois pa\u00edses, por meio da concess\u00e3o de bolsas de estudos ou est\u00e1gios. Com isto, os alunos da rede federal poder\u00e3o realizar parte do curso ou est\u00e1gio em institui\u00e7\u00e3o parceira no exterior, com o reconhecimento desses estudos pelos institutos federais de educa\u00e7\u00e3o, ci\u00eancia e tecnologia. Tamb\u00e9m ser\u00e3o beneficiados o interc\u00e2mbio de informa\u00e7\u00f5es e o compartilhamento de experi\u00eancias em pol\u00edticas inclusivas.<\/p>\n<p>Para o presidente do Conif, Cl\u00e1udio Ricardo Gomes de Lima, a medida \u00e9 importante para o Brasil: \u201cPrecisamos rapidamente inserir nossos estudantes no mercado de conhecimento global. \u00c9 natural come\u00e7ar com o Canad\u00e1, que tem sido parceiro da rede federal h\u00e1 alguns anos\u201d, afirmou.<\/p>\n<p>Desde 2001 Brasil e Canad\u00e1 desenvolvem a\u00e7\u00f5es voltadas para a coopera\u00e7\u00e3o t\u00e9cnica e acad\u00eamica. Exemplo disso s\u00e3o os projetos Conex\u00e3o Escola-Escola e Mulheres Mil &#8211; Educa\u00e7\u00e3o, Cidadania e Desenvolvimento Sustent\u00e1vel, implantados em institui\u00e7\u00f5es das regi\u00f5es Norte e Nordeste. Recentemente, esse \u00faltimo projeto foi transformado em programa federal e, agora, o Programa Mulheres Mil tem como objetivo beneficiar 100 mil mulheres em situa\u00e7\u00e3o de vulnerabilidade social at\u00e9 o final de 2014.<\/p>\n<p>Assessoria de Imprensa da Setec<\/p>\n","protected":false},"excerpt":{"rendered":"<p>Brasil e Canad\u00e1 querem fortalecer a educa\u00e7\u00e3o profissional, promover pesquisas sobre o tema e criar uma pol\u00edtica de interc\u00e2mbio entre estudantes e professores dos dois pa\u00edses. Esta \u00e9 a orienta\u00e7\u00e3o do documento assinado em Montreal, na \u00faltima semana, durante o II Encontro Brasil-Canad\u00e1. A Secretaria de Educa\u00e7\u00e3o Profissional e Tecnol\u00f3gica (Setec) do Minist\u00e9rio da Educa\u00e7\u00e3o [&hellip;]<\/p>\n","protected":false},"author":3,"featured_media":34767,"comment_status":"open","ping_status":"closed","sticky":false,"template":"","format":"standard","meta":{"tdm_status":"","tdm_grid_status":"","footnotes":""},"categories":[22],"tags":[],"class_list":{"0":"post-37396","1":"post","2":"type-post","3":"status-publish","4":"format-standard","5":"has-post-thumbnail","7":"category-brasil"},"_links":{"self":[{"href":"https:\/\/migracao.redenoticia.com.br\/noticia\/wp-json\/wp\/v2\/posts\/37396","targetHints":{"allow":["GET"]}}],"collection":[{"href":"https:\/\/migracao.redenoticia.com.br\/noticia\/wp-json\/wp\/v2\/posts"}],"about":[{"href":"https:\/\/migracao.redenoticia.com.br\/noticia\/wp-json\/wp\/v2\/types\/post"}],"author":[{"embeddable":true,"href":"https:\/\/migracao.redenoticia.com.br\/noticia\/wp-json\/wp\/v2\/users\/3"}],"replies":[{"embeddable":true,"href":"https:\/\/migracao.redenoticia.com.br\/noticia\/wp-json\/wp\/v2\/comments?post=37396"}],"version-history":[{"count":0,"href":"https:\/\/migracao.redenoticia.com.br\/noticia\/wp-json\/wp\/v2\/posts\/37396\/revisions"}],"wp:featuredmedia":[{"embeddable":true,"href":"https:\/\/migracao.redenoticia.com.br\/noticia\/wp-json\/wp\/v2\/media\/34767"}],"wp:attachment":[{"href":"https:\/\/migracao.redenoticia.com.br\/noticia\/wp-json\/wp\/v2\/media?parent=37396"}],"wp:term":[{"taxonomy":"category","embeddable":true,"href":"https:\/\/migracao.redenoticia.com.br\/noticia\/wp-json\/wp\/v2\/categories?post=37396"},{"taxonomy":"post_tag","embeddable":true,"href":"https:\/\/migracao.redenoticia.com.br\/noticia\/wp-json\/wp\/v2\/tags?post=37396"}],"curies":[{"name":"wp","href":"https:\/\/api.w.org\/{rel}","templated":true}]}}