{"id":37447,"date":"2011-12-01T13:35:55","date_gmt":"2011-12-01T15:35:55","guid":{"rendered":"http:\/\/www.redenoticia.com.br\/noticia\/?p=37447"},"modified":"2011-12-01T13:35:55","modified_gmt":"2011-12-01T15:35:55","slug":"check-up-especifico-para-quem-quer-malhar","status":"publish","type":"post","link":"https:\/\/migracao.redenoticia.com.br\/noticia\/2011\/check-up-especifico-para-quem-quer-malhar\/37447","title":{"rendered":"Check-up espec\u00edfico para quem quer malhar"},"content":{"rendered":"<p><img loading=\"lazy\" decoding=\"async\" class=\"alignleft size-full wp-image-21774\" title=\"corpo em forma verao\" src=\"https:\/\/migracao.redenoticia.com.br\/noticia\/imagens\/corpo-em-forma-verao.jpg\" alt=\"\" width=\"300\" height=\"193\" srcset=\"https:\/\/migracao.redenoticia.com.br\/noticia\/imagens\/corpo-em-forma-verao.jpg 300w, https:\/\/migracao.redenoticia.com.br\/noticia\/imagens\/corpo-em-forma-verao-250x160.jpg 250w, https:\/\/migracao.redenoticia.com.br\/noticia\/imagens\/corpo-em-forma-verao-150x96.jpg 150w\" sizes=\"auto, (max-width: 300px) 100vw, 300px\" \/>Com a chegada do ver\u00e3o, muitas pessoas j\u00e1 se matricularam na academia, ou pior, come\u00e7aram a fazer <em><strong>exerc\u00edcios<\/strong><\/em> por conta pr\u00f3pria sem saber com est\u00e1 a sa\u00fade. Antes disso, por\u00e9m, \u00e9 necess\u00e1rio passar por um <em><strong>check-up<\/strong><\/em> espec\u00edfico para evitar problemas graves, concordam os m\u00e9dicos.<\/p>\n<p>\u201cToda e qualquer atividade f\u00edsica deve ser precedida de consulta m\u00e9dica e exames complementares. Ao pular esta etapa, o individuo pode apresentar les\u00f5es musculares, infartos e at\u00e9 mesmo a morte s\u00fabita. As pessoas n\u00e3o devem ignorar essa fase. As academias devem exigir essa avalia\u00e7\u00e3o e as pessoas t\u00eam de obedecer sem medo\u201d, alerta o m\u00e9dico Joel Schmillevitch, do Centro de Diagn\u00f3stico Schmillevitch.<\/p>\n<p>Saiba mais sobre os exames que devem ser feitos:<br \/>\nEletrocardiograma: serve para verificar a atividade el\u00e9trica do cora\u00e7\u00e3o, como arritmias, bloqueios ou sobrecargas. \u00c9 poss\u00edvel prevenir infartos com anteced\u00eancia.<\/p>\n<p>Teste Ergom\u00e9trico: serve para verificar a capacidade f\u00edsica do individuo, ou seja, o comportamento da press\u00e3o arterial, arritmias, isquemia do m\u00fasculo card\u00edaco por meio de esteira ergom\u00e9trica.<\/p>\n<p>Ecocardiograma: verifica as estruturas do cora\u00e7\u00e3o pelo m\u00e9todo de ultrassom, como a contratibilidade do m\u00fasculo card\u00edaco, \u00e1rea de isquemia e as v\u00e1lvulas.<\/p>\n<p>Segundo o cardiologista Anibal Barros, tamb\u00e9m do Schmillevitch, toda e qualquer atividade f\u00edsica deve ser precedida de consulta m\u00e9dica e exames complementares. O mesmo conselho vale para os atletas de final de semana. Os riscos de les\u00f5es e at\u00e9 a morte s\u00e3o altos.<\/p>\n<p>Para quem est\u00e1 h\u00e1 anos longe dos esportes, o ideal, de acordo com o Dr. Joel, \u00e9 come\u00e7ar por atividades mais leves, como caminhar, nadar, muscula\u00e7\u00e3o, alongamento.<\/p>\n<p>Outro alerta \u00e9 para aqueles que est\u00e3o com sobrepeso e n\u00e3o s\u00e3o adeptos do check-up. \u201cAl\u00e9m de descobrir ser portador de colesterol elevado, diabetes e hipertens\u00e3o por causa do sobrepeso e evitar um problema cardiovascular, esse excesso com exerc\u00edcios de alta impacto, como corrida, por exemplo, pode lesionar ligamentos\u201d, explica.<\/p>\n<p>Pessoas da terceira idade desavisadas ainda podem sofrer fraturas durante a pr\u00e1tica esportiva sem saber que s\u00e3o portadores de osteoporose, doen\u00e7a silenciosa que enfraquece os ossos, e que pode ser detectada com um exame de densitometria \u00f3ssea.<\/p>\n<p>Os asm\u00e1ticos, que se exercitam, tamb\u00e9m devem fazer periodicamente o exame de fun\u00e7\u00e3o pulmonar, j\u00e1 que sen\u00e3o tratada, a doen\u00e7a pode levar a morte, provocando parada cardiorrespirat\u00f3ria.<\/p>\n<p>Sobre o Centro de Diagn\u00f3stico Schmillevitch<\/p>\n<p>Conhecido pelo pioneirismo na \u00e1rea de ultrassonografia tridimensional e medicina fetal e com 30 anos de experi\u00eancia, o Centro de Diagn\u00f3stico Schmillevitch disponibiliza os mais avan\u00e7ados exames de ponta em an\u00e1lises cl\u00ednicas e imagens. Com seis unidades na cidade de S\u00e3o Paulo (Unidade Ang\u00e9lica, Unidade Jardins, Unidade Santana, Unidade Tatuap\u00e9, Unidade Sumar\u00e9 e Unidade Santa Catarina) e aclamado por sua excel\u00eancia em medicina diagn\u00f3stica, realiza mais de 15 mil exames de imagens por m\u00eas. Oferece ainda o Programa Popular com uma tabela diferenciada de pre\u00e7os para quem n\u00e3o possui plano de sa\u00fade.<\/p>\n","protected":false},"excerpt":{"rendered":"<p>Com a chegada do ver\u00e3o, muitas pessoas j\u00e1 se matricularam na academia, ou pior, come\u00e7aram a fazer exerc\u00edcios por conta pr\u00f3pria sem saber com est\u00e1 a sa\u00fade. Antes disso, por\u00e9m, \u00e9 necess\u00e1rio passar por um check-up espec\u00edfico para evitar problemas graves, concordam os m\u00e9dicos. \u201cToda e qualquer atividade f\u00edsica deve ser precedida de consulta m\u00e9dica [&hellip;]<\/p>\n","protected":false},"author":3,"featured_media":21774,"comment_status":"open","ping_status":"closed","sticky":false,"template":"","format":"standard","meta":{"tdm_status":"","tdm_grid_status":"","footnotes":""},"categories":[22],"tags":[],"class_list":{"0":"post-37447","1":"post","2":"type-post","3":"status-publish","4":"format-standard","5":"has-post-thumbnail","7":"category-brasil"},"_links":{"self":[{"href":"https:\/\/migracao.redenoticia.com.br\/noticia\/wp-json\/wp\/v2\/posts\/37447","targetHints":{"allow":["GET"]}}],"collection":[{"href":"https:\/\/migracao.redenoticia.com.br\/noticia\/wp-json\/wp\/v2\/posts"}],"about":[{"href":"https:\/\/migracao.redenoticia.com.br\/noticia\/wp-json\/wp\/v2\/types\/post"}],"author":[{"embeddable":true,"href":"https:\/\/migracao.redenoticia.com.br\/noticia\/wp-json\/wp\/v2\/users\/3"}],"replies":[{"embeddable":true,"href":"https:\/\/migracao.redenoticia.com.br\/noticia\/wp-json\/wp\/v2\/comments?post=37447"}],"version-history":[{"count":0,"href":"https:\/\/migracao.redenoticia.com.br\/noticia\/wp-json\/wp\/v2\/posts\/37447\/revisions"}],"wp:featuredmedia":[{"embeddable":true,"href":"https:\/\/migracao.redenoticia.com.br\/noticia\/wp-json\/wp\/v2\/media\/21774"}],"wp:attachment":[{"href":"https:\/\/migracao.redenoticia.com.br\/noticia\/wp-json\/wp\/v2\/media?parent=37447"}],"wp:term":[{"taxonomy":"category","embeddable":true,"href":"https:\/\/migracao.redenoticia.com.br\/noticia\/wp-json\/wp\/v2\/categories?post=37447"},{"taxonomy":"post_tag","embeddable":true,"href":"https:\/\/migracao.redenoticia.com.br\/noticia\/wp-json\/wp\/v2\/tags?post=37447"}],"curies":[{"name":"wp","href":"https:\/\/api.w.org\/{rel}","templated":true}]}}