{"id":37459,"date":"2011-12-02T16:05:11","date_gmt":"2011-12-02T18:05:11","guid":{"rendered":"http:\/\/www.redenoticia.com.br\/noticia\/?p=37459"},"modified":"2011-12-02T16:05:11","modified_gmt":"2011-12-02T18:05:11","slug":"chuvas-fortes-nos-proximos-dias","status":"publish","type":"post","link":"https:\/\/migracao.redenoticia.com.br\/noticia\/2011\/chuvas-fortes-nos-proximos-dias\/37459","title":{"rendered":"Chuvas fortes nos pr\u00f3ximos dias"},"content":{"rendered":"<p><img loading=\"lazy\" decoding=\"async\" class=\"alignleft size-full wp-image-28410\" title=\"previsao do tempo temperatura\" src=\"https:\/\/migracao.redenoticia.com.br\/noticia\/imagens\/previsao-do-tempo-temperatura.jpg\" alt=\"\" width=\"300\" height=\"193\" srcset=\"https:\/\/migracao.redenoticia.com.br\/noticia\/imagens\/previsao-do-tempo-temperatura.jpg 300w, https:\/\/migracao.redenoticia.com.br\/noticia\/imagens\/previsao-do-tempo-temperatura-250x160.jpg 250w, https:\/\/migracao.redenoticia.com.br\/noticia\/imagens\/previsao-do-tempo-temperatura-150x96.jpg 150w\" sizes=\"auto, (max-width: 300px) 100vw, 300px\" \/>A <em><strong>frente fria<\/strong><\/em> estaciona entre o Esp\u00edrito Santo e Bahia, organizando a umidade da Amaz\u00f4nia sobre o centro e norte do Brasil at\u00e9 pelo menos a pr\u00f3xima segunda-feira. Neste per\u00edodo, espera-se grande acumulado de <em><strong>chuva<\/strong><\/em>, passando dos 100mm, sobre o sul e oeste da Bahia, norte de Minas Gerais, nordeste de Goi\u00e1s, sudeste de Tocantins, sul do Par\u00e1 e oeste do Amazonas.<\/p>\n<p>De acordo com os meteorologistas da SOMAR, a Regi\u00e3o Sul, os Estados de S\u00e3o Paulo e Mato Grosso do Sul, o leste e norte do Nordeste e o Amap\u00e1 passar\u00e3o por um per\u00edodo mais seco nos pr\u00f3ximos dias.<\/p>\n<p>Temperaturas<br \/>\nO frio da madrugada perde for\u00e7a sobre a Regi\u00e3o Sul durante o fim de semana, por\u00e9m a m\u00e1xima permanecer\u00e1 baixa ao longo de toda a costa das Regi\u00f5es Sul e Sudeste at\u00e9 pelo menos a pr\u00f3xima ter\u00e7a-feira.<\/p>\n<p>J\u00e1 nos Estados do norte do Nordeste, em Mato Grosso do Sul e em Mato Grosso e em boa parte da Regi\u00e3o Norte, o calor predomina no fim de semana.<\/p>\n","protected":false},"excerpt":{"rendered":"<p>A frente fria estaciona entre o Esp\u00edrito Santo e Bahia, organizando a umidade da Amaz\u00f4nia sobre o centro e norte do Brasil at\u00e9 pelo menos a pr\u00f3xima segunda-feira. Neste per\u00edodo, espera-se grande acumulado de chuva, passando dos 100mm, sobre o sul e oeste da Bahia, norte de Minas Gerais, nordeste de Goi\u00e1s, sudeste de Tocantins, [&hellip;]<\/p>\n","protected":false},"author":3,"featured_media":28410,"comment_status":"open","ping_status":"closed","sticky":false,"template":"","format":"standard","meta":{"tdm_status":"","tdm_grid_status":"","footnotes":""},"categories":[22,327,376],"tags":[],"class_list":{"0":"post-37459","1":"post","2":"type-post","3":"status-publish","4":"format-standard","5":"has-post-thumbnail","7":"category-brasil","8":"category-clima","9":"category-clima-brasil"},"_links":{"self":[{"href":"https:\/\/migracao.redenoticia.com.br\/noticia\/wp-json\/wp\/v2\/posts\/37459","targetHints":{"allow":["GET"]}}],"collection":[{"href":"https:\/\/migracao.redenoticia.com.br\/noticia\/wp-json\/wp\/v2\/posts"}],"about":[{"href":"https:\/\/migracao.redenoticia.com.br\/noticia\/wp-json\/wp\/v2\/types\/post"}],"author":[{"embeddable":true,"href":"https:\/\/migracao.redenoticia.com.br\/noticia\/wp-json\/wp\/v2\/users\/3"}],"replies":[{"embeddable":true,"href":"https:\/\/migracao.redenoticia.com.br\/noticia\/wp-json\/wp\/v2\/comments?post=37459"}],"version-history":[{"count":0,"href":"https:\/\/migracao.redenoticia.com.br\/noticia\/wp-json\/wp\/v2\/posts\/37459\/revisions"}],"wp:featuredmedia":[{"embeddable":true,"href":"https:\/\/migracao.redenoticia.com.br\/noticia\/wp-json\/wp\/v2\/media\/28410"}],"wp:attachment":[{"href":"https:\/\/migracao.redenoticia.com.br\/noticia\/wp-json\/wp\/v2\/media?parent=37459"}],"wp:term":[{"taxonomy":"category","embeddable":true,"href":"https:\/\/migracao.redenoticia.com.br\/noticia\/wp-json\/wp\/v2\/categories?post=37459"},{"taxonomy":"post_tag","embeddable":true,"href":"https:\/\/migracao.redenoticia.com.br\/noticia\/wp-json\/wp\/v2\/tags?post=37459"}],"curies":[{"name":"wp","href":"https:\/\/api.w.org\/{rel}","templated":true}]}}