{"id":3747,"date":"2009-06-25T13:53:25","date_gmt":"2009-06-25T17:53:25","guid":{"rendered":"http:\/\/www.redenoticia.com.br\/noticia\/?p=3747"},"modified":"2009-06-25T17:13:11","modified_gmt":"2009-06-25T21:13:11","slug":"projeto-sonho-meu-e-o-novo-local-para-incricao-no-projeto-minha-casa-minha-vida-em-ji-parana","status":"publish","type":"post","link":"https:\/\/migracao.redenoticia.com.br\/noticia\/2009\/projeto-sonho-meu-e-o-novo-local-para-incricao-no-projeto-minha-casa-minha-vida-em-ji-parana\/3747","title":{"rendered":"Projeto Sonho Meu \u00e9 o novo local para incri\u00e7\u00e3o no projeto Minha Casa Minha Vida em Ji-Paran\u00e1"},"content":{"rendered":"<p align=\"justify\"><span style=\"font-family: Calibri; font-size: small;\">Al\u00e9m do site da Prefeitura Municipal, <\/span><a href=\"http:\/\/www.ji-parana.ro.gov.br\/\" target=\"_blank\"><span style=\"font-family: Calibri; color: #0000ff; font-size: small;\"><span style=\"text-decoration: underline;\">www.ji-parana.ro.gov.br<\/span><\/span><\/a><span style=\"font-family: Calibri; font-size: small;\">, da sede da Secretaria de A\u00e7\u00e3o Social (Semas) e da Ger\u00eancia Geral de Arrecada\u00e7\u00e3o, localizada no pr\u00e9dio da Subprefeitura, os interessados em realizar a inscri\u00e7\u00e3o do programa do Governo Federal, \u201cMinha Casa, Minha Vida\u201d, poder\u00e3o disponibilizar de mais um local, a sede do projeto Sonho Meu, localizada \u00e0 rua Miguel Lu\u00eds dos Santos, 1735, no Jardim das Seringueiras, em Ji-Paran\u00e1.<\/span><\/p>\n<p align=\"justify\"><span style=\"font-family: Calibri; font-size: small;\">O local estar\u00e1 atendendo a popula\u00e7\u00e3o durante todo o hor\u00e1rio comercial, das 8 \u00e0s 12 horas, e das 14 \u00e0s 16 horas. Na Semas e Ger\u00eancia Geral de Arrecada\u00e7\u00e3o, o atendimento est\u00e1 sendo realizado das 14 \u00e0s 18 horas.<\/span><\/p>\n<p align=\"justify\"><span style=\"font-family: Calibri; font-size: small;\">O Programa<\/span><\/p>\n<p align=\"justify\"><span style=\"font-family: Calibri; font-size: small;\">O \u201cMinha Casa, Minha Vida\u201d \u00e9 um programa do Governo Federal que viabilizar\u00e1 a constru\u00e7\u00e3o de um milh\u00e3o de casas em todo o pa\u00eds, em parceria com estados, munic\u00edpios e iniciativa privada. Quem possuir renda familiar entre 0 e 3 sal\u00e1rios m\u00ednimos poder\u00e1 realizar a sua inscri\u00e7\u00e3o. O cidad\u00e3o deve ter em m\u00e3os o RG, CPF e CEP de onde reside.<\/span><\/p>\n<p align=\"justify\"><span style=\"font-family: Calibri; font-size: small;\">\u00c9 importante ressaltar a necessidade de imprimir e guardar o protocolo de inscri\u00e7\u00e3o gerado no site, \u00e9 com este n\u00famero que os inscritos estar\u00e3o concorrendo a uma das mil casas destinadas ao munic\u00edpio. Ap\u00f3s o sorteio, o cidad\u00e3o dever\u00e1 apresentar a documenta\u00e7\u00e3o na Caixa Econ\u00f4mica Federal para formaliza\u00e7\u00e3o do cadastro. N\u00e3o cumprindo as exig\u00eancias necess\u00e1rias, a vaga ser\u00e1 disponibilizada para novo sorteio.<\/span><\/p>\n","protected":false},"excerpt":{"rendered":"<p>Al\u00e9m do site da Prefeitura Municipal, www.ji-parana.ro.gov.br, da sede da Secretaria de A\u00e7\u00e3o Social (Semas) e da Ger\u00eancia Geral de Arrecada\u00e7\u00e3o, localizada no pr\u00e9dio da Subprefeitura, os interessados em realizar a inscri\u00e7\u00e3o do programa do Governo Federal, \u201cMinha Casa, Minha Vida\u201d, poder\u00e3o disponibilizar de mais um local, a sede do projeto Sonho Meu, localizada \u00e0 [&hellip;]<\/p>\n","protected":false},"author":2,"featured_media":0,"comment_status":"open","ping_status":"open","sticky":false,"template":"","format":"standard","meta":{"tdm_status":"","tdm_grid_status":"","footnotes":""},"categories":[22],"tags":[],"class_list":{"0":"post-3747","1":"post","2":"type-post","3":"status-publish","4":"format-standard","6":"category-brasil"},"_links":{"self":[{"href":"https:\/\/migracao.redenoticia.com.br\/noticia\/wp-json\/wp\/v2\/posts\/3747","targetHints":{"allow":["GET"]}}],"collection":[{"href":"https:\/\/migracao.redenoticia.com.br\/noticia\/wp-json\/wp\/v2\/posts"}],"about":[{"href":"https:\/\/migracao.redenoticia.com.br\/noticia\/wp-json\/wp\/v2\/types\/post"}],"author":[{"embeddable":true,"href":"https:\/\/migracao.redenoticia.com.br\/noticia\/wp-json\/wp\/v2\/users\/2"}],"replies":[{"embeddable":true,"href":"https:\/\/migracao.redenoticia.com.br\/noticia\/wp-json\/wp\/v2\/comments?post=3747"}],"version-history":[{"count":0,"href":"https:\/\/migracao.redenoticia.com.br\/noticia\/wp-json\/wp\/v2\/posts\/3747\/revisions"}],"wp:attachment":[{"href":"https:\/\/migracao.redenoticia.com.br\/noticia\/wp-json\/wp\/v2\/media?parent=3747"}],"wp:term":[{"taxonomy":"category","embeddable":true,"href":"https:\/\/migracao.redenoticia.com.br\/noticia\/wp-json\/wp\/v2\/categories?post=3747"},{"taxonomy":"post_tag","embeddable":true,"href":"https:\/\/migracao.redenoticia.com.br\/noticia\/wp-json\/wp\/v2\/tags?post=3747"}],"curies":[{"name":"wp","href":"https:\/\/api.w.org\/{rel}","templated":true}]}}