{"id":3748,"date":"2009-06-25T13:56:07","date_gmt":"2009-06-25T17:56:07","guid":{"rendered":"http:\/\/www.redenoticia.com.br\/noticia\/?p=3748"},"modified":"2009-06-25T17:14:18","modified_gmt":"2009-06-25T21:14:18","slug":"governo-do-estado-avalia-a-implantacao-de-multinacional-em-rondonia","status":"publish","type":"post","link":"https:\/\/migracao.redenoticia.com.br\/noticia\/2009\/governo-do-estado-avalia-a-implantacao-de-multinacional-em-rondonia\/3748","title":{"rendered":"Governo do Estado avalia a implanta\u00e7\u00e3o de multinacional em Rond\u00f4nia"},"content":{"rendered":"<p>Com a constru\u00e7\u00e3o das usinas, Rond\u00f4nia se tornou um p\u00f3lo para grandes investimentos em diversos setores. V\u00e1rias empresas j\u00e1 se instalaram, outras est\u00e3o se instalando aqui atra\u00eddas pelo crescimento que o Estado representa frente as demais regi\u00f5es. Mas, principalmente, atra\u00eddas pelo incentivo fiscal e tribut\u00e1rio oferecido pelo Governo do Estado.<\/p>\n<p>Na manh\u00e3 desta quinta-feira (25), o governador Ivo Cassol recebeu em seu gabinete na Resid\u00eancia Oficial, os executivos da empresa multinacional Voith Hydro, J\u00fcrgen Bischoff e Jair Rosa Teixeira para tratar da instala\u00e7\u00e3o da empresa em Rond\u00f4nia. Acompanhados do Secret\u00e1rio Estadual de Desenvolvimento Econ\u00f4mico Social, Marco Ant\u00f4nio Petisco, que foi o mediador da reuni\u00e3o.<\/p>\n<p>Durante o encontro, J\u00fcrgen Bischoff, diretor executivo, disse que a empresa est\u00e1 estudando a possibilidade de implantar uma unidade na regi\u00e3o Norte, tendo em vista que duas usinas est\u00e3o sendo constru\u00eddas nesta regi\u00e3o. \u201cQueremos instalar uma filial nesta regi\u00e3o para facilitar os trabalhos de fornecimento do nosso produto. Nossa empresa \u00e9 a respons\u00e1vel pelo fornecimento de turbinas e geradores para as usinas hidrel\u00e9tricas de Jirau e Santo Ant\u00f4nio. Fabricando aqui, ficar\u00e1 mais f\u00e1cil o transporte\u201d, declarou o executivo.<\/p>\n<p>Ainda na reuni\u00e3o, J\u00fcrgen agradeceu a recep\u00e7\u00e3o por parte do Governo do Estado e destacou a excelente id\u00e9ia da administra\u00e7\u00e3o estadual em oferecer isen\u00e7\u00e3o de imposto fiscal para que empresas como a Voith se instalem em Rond\u00f4nia visando o progresso do Estado. \u201cA isen\u00e7\u00e3o do imposto facilita para as empresas se instalarem em Rond\u00f4nia. \u00d3tima iniciativa\u201d elogiou Bischoff. Segundo ele, com a implanta\u00e7\u00e3o da empresa ser\u00e3o investidos R$ 50 milh\u00f5es de reais, al\u00e9m de gerar inicialmente 100 empregos diretos.<\/p>\n<p>Ao se pronunciar, Cassol afirmou o compromisso de isentar a empresa de pagar os impostos tribut\u00e1rios e ressaltou que Rond\u00f4nia precisa aproveitar esse momento de ascens\u00e3o para atrair investidores que possam se instalar no Estado e gerar emprego e renda para a popula\u00e7\u00e3o local. \u201cO Estado faz uma troca com os empres\u00e1rios. Eles investem aqui, conseguimos gerar emprego e renda, e n\u00f3s retribu\u00edmos com a isen\u00e7\u00e3o fiscal e tribut\u00e1ria de sua empresa\u201d, enfatizou o governador.<\/p>\n<p>Ao final do encontro, Ivo Cassol avaliou como positiva a reuni\u00e3o e reafirmou a disponibilidade em trabalhar para que a instala\u00e7\u00e3o da multinacional seja concretizada em Rond\u00f4nia.<\/p>\n<p>Fonte: DECOM &#8211; Departamento de Comunica\u00e7\u00e3o Social<\/p>\n","protected":false},"excerpt":{"rendered":"<p>Com a constru\u00e7\u00e3o das usinas, Rond\u00f4nia se tornou um p\u00f3lo para grandes investimentos em diversos setores. V\u00e1rias empresas j\u00e1 se instalaram, outras est\u00e3o se instalando aqui atra\u00eddas pelo crescimento que o Estado representa frente as demais regi\u00f5es. Mas, principalmente, atra\u00eddas pelo incentivo fiscal e tribut\u00e1rio oferecido pelo Governo do Estado. Na manh\u00e3 desta quinta-feira (25), [&hellip;]<\/p>\n","protected":false},"author":3,"featured_media":0,"comment_status":"open","ping_status":"open","sticky":false,"template":"","format":"standard","meta":{"tdm_status":"","tdm_grid_status":"","footnotes":""},"categories":[22,7],"tags":[],"class_list":{"0":"post-3748","1":"post","2":"type-post","3":"status-publish","4":"format-standard","6":"category-brasil","7":"category-economia"},"_links":{"self":[{"href":"https:\/\/migracao.redenoticia.com.br\/noticia\/wp-json\/wp\/v2\/posts\/3748","targetHints":{"allow":["GET"]}}],"collection":[{"href":"https:\/\/migracao.redenoticia.com.br\/noticia\/wp-json\/wp\/v2\/posts"}],"about":[{"href":"https:\/\/migracao.redenoticia.com.br\/noticia\/wp-json\/wp\/v2\/types\/post"}],"author":[{"embeddable":true,"href":"https:\/\/migracao.redenoticia.com.br\/noticia\/wp-json\/wp\/v2\/users\/3"}],"replies":[{"embeddable":true,"href":"https:\/\/migracao.redenoticia.com.br\/noticia\/wp-json\/wp\/v2\/comments?post=3748"}],"version-history":[{"count":0,"href":"https:\/\/migracao.redenoticia.com.br\/noticia\/wp-json\/wp\/v2\/posts\/3748\/revisions"}],"wp:attachment":[{"href":"https:\/\/migracao.redenoticia.com.br\/noticia\/wp-json\/wp\/v2\/media?parent=3748"}],"wp:term":[{"taxonomy":"category","embeddable":true,"href":"https:\/\/migracao.redenoticia.com.br\/noticia\/wp-json\/wp\/v2\/categories?post=3748"},{"taxonomy":"post_tag","embeddable":true,"href":"https:\/\/migracao.redenoticia.com.br\/noticia\/wp-json\/wp\/v2\/tags?post=3748"}],"curies":[{"name":"wp","href":"https:\/\/api.w.org\/{rel}","templated":true}]}}