{"id":3751,"date":"2009-06-25T14:00:36","date_gmt":"2009-06-25T18:00:36","guid":{"rendered":"http:\/\/www.redenoticia.com.br\/noticia\/?p=3751"},"modified":"2009-06-25T14:00:36","modified_gmt":"2009-06-25T18:00:36","slug":"editora-paulus-distribui-livros-para-criancas-em-intanhaem-sp","status":"publish","type":"post","link":"https:\/\/migracao.redenoticia.com.br\/noticia\/2009\/editora-paulus-distribui-livros-para-criancas-em-intanhaem-sp\/3751","title":{"rendered":"Editora Paulus distribui livros para crian\u00e7as em Intanhaem (SP)"},"content":{"rendered":"<p>O munic\u00edpio de Itanha\u00e9m, localizado no litoral sul do estado de S\u00e3o Paulo, ser\u00e1 o palco de mais um evento do Projeto Leitura para Cidadania \u2013 Modalidade Livro Vivo, da PAULUS, realizado em parceria com a Secretaria Municipal de Educa\u00e7\u00e3o. A iniciativa beneficiar\u00e1 aproximadamente 8.000 crian\u00e7as do 1\u00b0 ao 5\u00b0 ano do ensino fundamental de toda a rede municipal de ensino.<\/p>\n<p>O evento acontecer\u00e1 em 30 de junho de 2009, a partir das 13h, na Escola Noemia Salles Padovan, na Rua Em\u00eddio Pereira de Castro, s\/n\u00b0, Guarapiranga, Itanha\u00e9m\/SP.<\/p>\n<p>Aproximadamente 525 crian\u00e7as participar\u00e3o desse dia dedicado \u00e0 cultura e receber\u00e3o um kit contendo os livros: A \u00e1gua da vida \u2013 Irm\u00e3os Grimm; Brincando com adivinhas \u2013 Textos de tradi\u00e7\u00e3o popular; Brincando com prov\u00e9rbios populares \u2013 Textos de tradi\u00e7\u00e3o popular; Conto de escola \u2013 Machado de Assis; O menino, seu av\u00f4 e a \u00e1rvore da vida \u2013 Jos\u00e9 Bortolini; O urubu e o sapo \u2013 Silvio Romero; O velho e o tesouro \u2013 Silvio Romero.<\/p>\n","protected":false},"excerpt":{"rendered":"<p>O munic\u00edpio de Itanha\u00e9m, localizado no litoral sul do estado de S\u00e3o Paulo, ser\u00e1 o palco de mais um evento do Projeto Leitura para Cidadania \u2013 Modalidade Livro Vivo, da PAULUS, realizado em parceria com a Secretaria Municipal de Educa\u00e7\u00e3o. A iniciativa beneficiar\u00e1 aproximadamente 8.000 crian\u00e7as do 1\u00b0 ao 5\u00b0 ano do ensino fundamental de [&hellip;]<\/p>\n","protected":false},"author":2,"featured_media":0,"comment_status":"open","ping_status":"open","sticky":false,"template":"","format":"standard","meta":{"tdm_status":"","tdm_grid_status":"","footnotes":""},"categories":[22],"tags":[],"class_list":{"0":"post-3751","1":"post","2":"type-post","3":"status-publish","4":"format-standard","6":"category-brasil"},"_links":{"self":[{"href":"https:\/\/migracao.redenoticia.com.br\/noticia\/wp-json\/wp\/v2\/posts\/3751","targetHints":{"allow":["GET"]}}],"collection":[{"href":"https:\/\/migracao.redenoticia.com.br\/noticia\/wp-json\/wp\/v2\/posts"}],"about":[{"href":"https:\/\/migracao.redenoticia.com.br\/noticia\/wp-json\/wp\/v2\/types\/post"}],"author":[{"embeddable":true,"href":"https:\/\/migracao.redenoticia.com.br\/noticia\/wp-json\/wp\/v2\/users\/2"}],"replies":[{"embeddable":true,"href":"https:\/\/migracao.redenoticia.com.br\/noticia\/wp-json\/wp\/v2\/comments?post=3751"}],"version-history":[{"count":0,"href":"https:\/\/migracao.redenoticia.com.br\/noticia\/wp-json\/wp\/v2\/posts\/3751\/revisions"}],"wp:attachment":[{"href":"https:\/\/migracao.redenoticia.com.br\/noticia\/wp-json\/wp\/v2\/media?parent=3751"}],"wp:term":[{"taxonomy":"category","embeddable":true,"href":"https:\/\/migracao.redenoticia.com.br\/noticia\/wp-json\/wp\/v2\/categories?post=3751"},{"taxonomy":"post_tag","embeddable":true,"href":"https:\/\/migracao.redenoticia.com.br\/noticia\/wp-json\/wp\/v2\/tags?post=3751"}],"curies":[{"name":"wp","href":"https:\/\/api.w.org\/{rel}","templated":true}]}}