{"id":3753,"date":"2009-06-25T14:03:21","date_gmt":"2009-06-25T18:03:21","guid":{"rendered":"http:\/\/www.redenoticia.com.br\/noticia\/?p=3753"},"modified":"2009-06-25T14:03:21","modified_gmt":"2009-06-25T18:03:21","slug":"caio-riter-e-rosana-rios-prestigiam-a-7%c2%aa-festa-literaria-de-paraty","status":"publish","type":"post","link":"https:\/\/migracao.redenoticia.com.br\/noticia\/2009\/caio-riter-e-rosana-rios-prestigiam-a-7%c2%aa-festa-literaria-de-paraty\/3753","title":{"rendered":"Caio Riter e Rosana Rios prestigiam  a 7\u00aa Festa Liter\u00e1ria de Paraty"},"content":{"rendered":"<p style=\"margin: 0px;\">Reconhecida internacionalmente, a Festa Liter\u00e1ria de Paraty (Flip) contar\u00e1 com a presen\u00e7a de dois autores de Edi\u00e7\u00f5es SM, Caio Riter e Rosana Rios, que participam da programa\u00e7\u00e3o infantil, a Flipinha, entre os dias 1 e 5 de julho. Os livros dos autores publicados por Edi\u00e7\u00f5es SM estar\u00e3o dispon\u00edveis na Livraria da Vila do evento.<\/p>\n<p style=\"margin: 0px;\">Em\u00a0<em>Mavutsinim e o Kuarup<\/em>, Rosana Rios trata de temas relacionados a diversidade cultural, ao meio ambiente e aos mitos ind\u00edgenas para leitores iniciantes (a partir de 6 anos) e em processo (a partir de 8 anos). A obra \u00e9 uma narrativa primordial da na\u00e7\u00e3o ind\u00edgena Kamayur\u00e1, do Xingu, que conta como foi criada a humanidade pelo primeiro homem do mundo, Mavutsinim, e tamb\u00e9m como ele instituiu a festa dos mortos, chamada Kuarup, em que estes poderiam reviver. No entanto, devido \u00e0 transgress\u00e3o de uma ordem de Mavutsinim, esse ritual passou a apenas ser uma festa em homenagem aos mortos.<\/p>\n<p style=\"margin: 0px;\">J\u00e1 para\u00a0leitores\u00a0fluentes (a partir de 10 anos), a autora apresenta\u00a0<em>A hist\u00f3ria de Gilgamesh, rei de<\/em><em>Uruk, <\/em>da mitologia dos povos da Mesopot\u00e2mia, que teve grande influ\u00eancia nas culturas eg\u00edpcia e grega. Gilgamesh tinha um temperamento b\u00e9lico. Cansado disso, o povo queixou-se aos deuses, que ent\u00e3o enviaram \u00e0 Terra o guerreiro Enkidu para duelar com o rei. Suas aventuras s\u00e3o tidas como um dos primeiros registros escritos da hist\u00f3ria da humanidade.<\/p>\n<p style=\"margin: 0px;\">Vencedor da primeira edi\u00e7\u00e3o do\u00a0Pr\u00eamio Barco a Vapor,\u00a0Caio Riter dialoga com leitores cr\u00edticos (a partir de 12 anos) em\u00a0<em>O rapaz que n\u00e3o era de Liverpool<\/em>,\u00a0 que trata de temas como amadurecimento, autoconhecimento, primeiro amor e rela\u00e7\u00e3o familiar. Marcelo tem quinze anos e vive uma vida de \u201ccomercial de margarina\u201d, como ele costuma dizer. Este mundo perfeito, por\u00e9m, vai por \u00e1gua abaixo quando, numa aula de biologia, o garoto conclui que foi adotado. Tal descoberta p\u00f5e sua vida de pernas para o ar. Entre trechos de can\u00e7\u00f5es dos Beatles, a crian\u00e7a vai acompanhando seu processo de amadurecimento.<\/p>\n<p style=\"margin: 0px;\">Ainda para os jovens leitores, Riter apresenta a obra\u00a0<em>O tempo das surpresas. <\/em>Internado h\u00e1 meses em um hospital, Alexandre lembra-se de v\u00e1rios acontecimentos e reavalia sua vida \u00e0 luz do impasse da doen\u00e7a e do risco de morte iminente. A partir do relato em primeira pessoa do rapaz, o livro explora o contraste entre as descobertas, os sonhos e aspira\u00e7\u00f5es caracter\u00edsticos da adolesc\u00eancia e a ruptura angustiante (para o doente e para os que o cercam) imposta pelo combate ao c\u00e2ncer.<\/p>\n","protected":false},"excerpt":{"rendered":"<p>Reconhecida internacionalmente, a Festa Liter\u00e1ria de Paraty (Flip) contar\u00e1 com a presen\u00e7a de dois autores de Edi\u00e7\u00f5es SM, Caio Riter e Rosana Rios, que participam da programa\u00e7\u00e3o infantil, a Flipinha, entre os dias 1 e 5 de julho. Os livros dos autores publicados por Edi\u00e7\u00f5es SM estar\u00e3o dispon\u00edveis na Livraria da Vila do evento. Em\u00a0Mavutsinim [&hellip;]<\/p>\n","protected":false},"author":2,"featured_media":0,"comment_status":"open","ping_status":"open","sticky":false,"template":"","format":"standard","meta":{"tdm_status":"","tdm_grid_status":"","footnotes":""},"categories":[22],"tags":[],"class_list":{"0":"post-3753","1":"post","2":"type-post","3":"status-publish","4":"format-standard","6":"category-brasil"},"_links":{"self":[{"href":"https:\/\/migracao.redenoticia.com.br\/noticia\/wp-json\/wp\/v2\/posts\/3753","targetHints":{"allow":["GET"]}}],"collection":[{"href":"https:\/\/migracao.redenoticia.com.br\/noticia\/wp-json\/wp\/v2\/posts"}],"about":[{"href":"https:\/\/migracao.redenoticia.com.br\/noticia\/wp-json\/wp\/v2\/types\/post"}],"author":[{"embeddable":true,"href":"https:\/\/migracao.redenoticia.com.br\/noticia\/wp-json\/wp\/v2\/users\/2"}],"replies":[{"embeddable":true,"href":"https:\/\/migracao.redenoticia.com.br\/noticia\/wp-json\/wp\/v2\/comments?post=3753"}],"version-history":[{"count":0,"href":"https:\/\/migracao.redenoticia.com.br\/noticia\/wp-json\/wp\/v2\/posts\/3753\/revisions"}],"wp:attachment":[{"href":"https:\/\/migracao.redenoticia.com.br\/noticia\/wp-json\/wp\/v2\/media?parent=3753"}],"wp:term":[{"taxonomy":"category","embeddable":true,"href":"https:\/\/migracao.redenoticia.com.br\/noticia\/wp-json\/wp\/v2\/categories?post=3753"},{"taxonomy":"post_tag","embeddable":true,"href":"https:\/\/migracao.redenoticia.com.br\/noticia\/wp-json\/wp\/v2\/tags?post=3753"}],"curies":[{"name":"wp","href":"https:\/\/api.w.org\/{rel}","templated":true}]}}