{"id":37580,"date":"2012-01-01T00:28:30","date_gmt":"2012-01-01T02:28:30","guid":{"rendered":"http:\/\/www.redenoticia.com.br\/noticia\/?p=37580"},"modified":"2012-01-01T22:35:15","modified_gmt":"2012-01-02T00:35:15","slug":"novo-reality-show-coloca-12-personalidades-na-amazonia","status":"publish","type":"post","link":"https:\/\/migracao.redenoticia.com.br\/noticia\/2012\/novo-reality-show-coloca-12-personalidades-na-amazonia\/37580","title":{"rendered":"Novo reality show coloca 12 personalidades na Amaz\u00f4nia"},"content":{"rendered":"<p><img loading=\"lazy\" decoding=\"async\" class=\"alignleft size-full wp-image-34905\" title=\"codigo florestal\" src=\"https:\/\/migracao.redenoticia.com.br\/noticia\/imagens\/codigo-florestal.jpg\" alt=\"\" width=\"300\" height=\"193\" srcset=\"https:\/\/migracao.redenoticia.com.br\/noticia\/imagens\/codigo-florestal.jpg 300w, https:\/\/migracao.redenoticia.com.br\/noticia\/imagens\/codigo-florestal-250x160.jpg 250w, https:\/\/migracao.redenoticia.com.br\/noticia\/imagens\/codigo-florestal-150x96.jpg 150w\" sizes=\"auto, (max-width: 300px) 100vw, 300px\" \/>Um reality show verde, que pretende aliar entretenimento e sustentabilidade. Esse \u00e9 o conceito da nova atra\u00e7\u00e3o da <em><strong>Record<\/strong><\/em> que estreia em janeiro: <em><strong>AMAZ\u00d4NIA<\/strong><\/em>. O formato, da Endemol Brasil, vai levar 12 personalidades para encarar v\u00e1rios desafios na regi\u00e3o. Al\u00e9m da dificuldade de adapta\u00e7\u00e3o, eles passar\u00e3o por algumas provas, todas ligadas \u00e0 preserva\u00e7\u00e3o do meio ambiente.<\/p>\n<p>O objetivo da atra\u00e7\u00e3o \u00e9 mostrar que a floresta \u00e9 uma aliada do homem e deve ser respeitada. Por isso a Amaz\u00f4nia, que tanto chama a aten\u00e7\u00e3o do mundo por sua biodiversidade e riquezas naturais, foi escolhida como cen\u00e1rio perfeito para o programa.<\/p>\n<p>Victor Fasano, ator que tem se destacado por sua atua\u00e7\u00e3o em defesa do meio ambiente, comanda a atra\u00e7\u00e3o. Ele estar\u00e1 presente no in\u00edcio e no final de cada prova. Anunciar\u00e1 os desafios, lan\u00e7ar\u00e1 as regras espec\u00edficas de cada um deles e tamb\u00e9m ir\u00e1 conduzir o processo para decidir qual equipe se saiu melhor &#8211; os participantes ser\u00e3o divididos em duas equipes. Todas as provas ser\u00e3o acompanhadas pelo bi\u00f3logo Marcelo Skaf, consultor ambiental do programa.<\/p>\n<p>O pr\u00eamio final ser\u00e1 de R$ 1 milh\u00e3o, dividido entre o participante vencedor, comunidades ribeirinhas assistidas pela Amazonastur e a FAS (Funda\u00e7\u00e3o Amaz\u00f4nia Sustent\u00e1vel). Ao longo da atra\u00e7\u00e3o, o participante vai acumulando pontos e n\u00e3o haver\u00e1 elimina\u00e7\u00e3o depois de cada prova. Apenas no final ser\u00e1 revelado o grande vencedor.<\/p>\n<p>Os 12 participantes possuem perfis e experi\u00eancias bem distintos. Personalidades do ramo esportivo, art\u00edstico e musical fazem parte do projeto. Martha Sobral, ex-jogadora de basquete e fundadora do Instituto Lance Livre; Nat\u00e1lia Guimar\u00e3es, Miss Brasil e apresentadora do Hoje em Dia em Minas Gerais; Vivi Seixas, DJ e filha do cantor Raul Seixas; Carol Magalh\u00e3es, modelo e ex-rep\u00f3rter de A Fazenda; Mateus Verdelho, modelo e marido de Dani Bolina; Tarso Marques, empres\u00e1rio e piloto; Picuruta Salazar, surfista; Pampa, ex-jogador de v\u00f4lei campe\u00e3o ol\u00edmpico; Alexey Magnavita, astr\u00f3logo; Mel Ravasio, vocalista da banda LipStick; Allen Lima, m\u00fasico integrante do grupo Fam\u00edlia Lima, e Carol Zoccoli, atriz e humorista.<\/p>\n<p>Eles ter\u00e3o que aprender maneiras de interagir com a floresta seguindo a l\u00f3gica da sustentabilidade. Esse ser\u00e1 o principal fator que ir\u00e1 definir se as tarefas foram cumpridas com sucesso ou n\u00e3o. Quest\u00f5es como adapta\u00e7\u00e3o ao ambiente, capacidade de trabalhar em equipe e respeito \u00e0 natureza ser\u00e3o levadas em conta para decidir a sorte dos participantes no jogo.<\/p>\n<p>Adrenalina, emo\u00e7\u00e3o e aprendizado fazem parte dessa experi\u00eancia. Ser\u00e1 que eles aguentar\u00e3o a press\u00e3o no meio da selva?<\/p>\n","protected":false},"excerpt":{"rendered":"<p>Um reality show verde, que pretende aliar entretenimento e sustentabilidade. Esse \u00e9 o conceito da nova atra\u00e7\u00e3o da Record que estreia em janeiro: AMAZ\u00d4NIA. O formato, da Endemol Brasil, vai levar 12 personalidades para encarar v\u00e1rios desafios na regi\u00e3o. Al\u00e9m da dificuldade de adapta\u00e7\u00e3o, eles passar\u00e3o por algumas provas, todas ligadas \u00e0 preserva\u00e7\u00e3o do meio [&hellip;]<\/p>\n","protected":false},"author":3,"featured_media":34905,"comment_status":"open","ping_status":"closed","sticky":false,"template":"","format":"standard","meta":{"tdm_status":"","tdm_grid_status":"","footnotes":""},"categories":[22,371,343],"tags":[],"class_list":{"0":"post-37580","1":"post","2":"type-post","3":"status-publish","4":"format-standard","5":"has-post-thumbnail","7":"category-brasil","8":"category-rede-record","9":"category-televisao"},"_links":{"self":[{"href":"https:\/\/migracao.redenoticia.com.br\/noticia\/wp-json\/wp\/v2\/posts\/37580","targetHints":{"allow":["GET"]}}],"collection":[{"href":"https:\/\/migracao.redenoticia.com.br\/noticia\/wp-json\/wp\/v2\/posts"}],"about":[{"href":"https:\/\/migracao.redenoticia.com.br\/noticia\/wp-json\/wp\/v2\/types\/post"}],"author":[{"embeddable":true,"href":"https:\/\/migracao.redenoticia.com.br\/noticia\/wp-json\/wp\/v2\/users\/3"}],"replies":[{"embeddable":true,"href":"https:\/\/migracao.redenoticia.com.br\/noticia\/wp-json\/wp\/v2\/comments?post=37580"}],"version-history":[{"count":0,"href":"https:\/\/migracao.redenoticia.com.br\/noticia\/wp-json\/wp\/v2\/posts\/37580\/revisions"}],"wp:featuredmedia":[{"embeddable":true,"href":"https:\/\/migracao.redenoticia.com.br\/noticia\/wp-json\/wp\/v2\/media\/34905"}],"wp:attachment":[{"href":"https:\/\/migracao.redenoticia.com.br\/noticia\/wp-json\/wp\/v2\/media?parent=37580"}],"wp:term":[{"taxonomy":"category","embeddable":true,"href":"https:\/\/migracao.redenoticia.com.br\/noticia\/wp-json\/wp\/v2\/categories?post=37580"},{"taxonomy":"post_tag","embeddable":true,"href":"https:\/\/migracao.redenoticia.com.br\/noticia\/wp-json\/wp\/v2\/tags?post=37580"}],"curies":[{"name":"wp","href":"https:\/\/api.w.org\/{rel}","templated":true}]}}