{"id":376,"date":"2009-04-11T09:45:00","date_gmt":"2009-04-11T13:45:00","guid":{"rendered":"http:\/\/www.redenoticia.com.br\/noticia\/?p=376"},"modified":"2009-04-11T15:30:05","modified_gmt":"2009-04-11T19:30:05","slug":"acaba-de-ser-lancado-o-primeiro-celular-que-capta-tv-aberta-com-dois-chips-no-brasil","status":"publish","type":"post","link":"https:\/\/migracao.redenoticia.com.br\/noticia\/2009\/acaba-de-ser-lancado-o-primeiro-celular-que-capta-tv-aberta-com-dois-chips-no-brasil\/376","title":{"rendered":"Acaba de ser lan\u00e7ado o primeiro celular que capta TV Aberta com dois chips no Brasil"},"content":{"rendered":"<p><img loading=\"lazy\" decoding=\"async\" class=\"alignleft\" src=\"http:\/\/farm4.static.flickr.com\/3361\/3432042932_329e461226_m.jpg\" alt=\"\" width=\"240\" height=\"164\" \/>Para a tend\u00eancia do consumidor de escolher sua operadora baseado em custos, chega ao mercado a EUTV, companhia que distribuir\u00e1 produtos, servi\u00e7os e conte\u00fado e que anuncia o lan\u00e7amento no mercado brasileiro do CEFON 880T.<\/p>\n<p>O CEFON 880T \u00e9 o primeiro aparelho celular com dois SIM Cards a ser homologado pela Anatel para o mercado brasileiro. O aparelho \u00e9 fabricado pela E-Techco e possui a funcionalidade de capta\u00e7\u00e3o de TV m\u00f3vel aberta gra\u00e7as ao chip de alto desempenho que vem embarcado no aparelho desenvolvido pela empresa de TV M\u00f3vel Telegent Systems. Outros destaques ficam por conta da facilidade em usar operadoras diferentes no mesmo aparelho, multim\u00eddia, interface touch screen, gravador de voz &#8211; inclusive durante as liga\u00e7\u00f5es &#8211; r\u00e1dio FM, entre outras.<\/p>\n<p>Outro atrativo desse aparelho \u00e9 o compartimento para dois SIM cards, o que significa portabilidade no pr\u00f3prio aparelho e economia para o usu\u00e1rio, que pode escolher o melhor custo de liga\u00e7\u00e3o de acordo com a localidade ou necessidade.<\/p>\n<p>A comercializa\u00e7\u00e3o fica a cargo do site de e-commerce Goorila, uma das tr\u00eas maiores empresas do ramo no pa\u00eds, e a campanha, criada por Andr\u00e9 Vaisman, se apoiar\u00e1 em TV aberta, internet e m\u00eddia aeroportu\u00e1ria.<\/p>\n<p>&#8220;Este \u00e9 o radinho de pilha do S\u00e9culo XXI&#8221; disse Yon Moreira da Silva Jr, presidente da EUTV e respons\u00e1vel pela vinda do novo celular ao mercado brasileiro. A expectativa do executivo \u00e9 vender cerca de 40 mil exemplares ao longo do ano. Para estimular as vendas a empresa investiu na publicidade em aeroportos no Brasil.<\/p>\n<p>O aparelho estar\u00e1 dispon\u00edvel pelo site <a href=\"http:\/\/www.eutv.com.br \/\">www.eutv.com.br<\/a> ao pre\u00e7o de R$ 799,00 \u00e0 vista ou 12 vezes de R$ 75,51.<\/p>\n<p><a href=\"http:\/\/blog.newsfree.com.br\/\">newsfree<\/a><\/p>\n<p>Foto celularcapa e celular<\/p>\n","protected":false},"excerpt":{"rendered":"<p>Para a tend\u00eancia do consumidor de escolher sua operadora baseado em custos, chega ao mercado a EUTV, companhia que distribuir\u00e1 produtos, servi\u00e7os e conte\u00fado e que anuncia o lan\u00e7amento no mercado brasileiro do CEFON 880T. O CEFON 880T \u00e9 o primeiro aparelho celular com dois SIM Cards a ser homologado pela Anatel para o mercado [&hellip;]<\/p>\n","protected":false},"author":2,"featured_media":0,"comment_status":"open","ping_status":"open","sticky":false,"template":"","format":"standard","meta":{"tdm_status":"","tdm_grid_status":"","footnotes":""},"categories":[22],"tags":[],"class_list":{"0":"post-376","1":"post","2":"type-post","3":"status-publish","4":"format-standard","6":"category-brasil"},"_links":{"self":[{"href":"https:\/\/migracao.redenoticia.com.br\/noticia\/wp-json\/wp\/v2\/posts\/376","targetHints":{"allow":["GET"]}}],"collection":[{"href":"https:\/\/migracao.redenoticia.com.br\/noticia\/wp-json\/wp\/v2\/posts"}],"about":[{"href":"https:\/\/migracao.redenoticia.com.br\/noticia\/wp-json\/wp\/v2\/types\/post"}],"author":[{"embeddable":true,"href":"https:\/\/migracao.redenoticia.com.br\/noticia\/wp-json\/wp\/v2\/users\/2"}],"replies":[{"embeddable":true,"href":"https:\/\/migracao.redenoticia.com.br\/noticia\/wp-json\/wp\/v2\/comments?post=376"}],"version-history":[{"count":0,"href":"https:\/\/migracao.redenoticia.com.br\/noticia\/wp-json\/wp\/v2\/posts\/376\/revisions"}],"wp:attachment":[{"href":"https:\/\/migracao.redenoticia.com.br\/noticia\/wp-json\/wp\/v2\/media?parent=376"}],"wp:term":[{"taxonomy":"category","embeddable":true,"href":"https:\/\/migracao.redenoticia.com.br\/noticia\/wp-json\/wp\/v2\/categories?post=376"},{"taxonomy":"post_tag","embeddable":true,"href":"https:\/\/migracao.redenoticia.com.br\/noticia\/wp-json\/wp\/v2\/tags?post=376"}],"curies":[{"name":"wp","href":"https:\/\/api.w.org\/{rel}","templated":true}]}}