{"id":3760,"date":"2009-06-25T14:12:54","date_gmt":"2009-06-25T18:12:54","guid":{"rendered":"http:\/\/www.redenoticia.com.br\/noticia\/?p=3760"},"modified":"2009-06-25T22:35:31","modified_gmt":"2009-06-26T02:35:31","slug":"obra-reflete-sobre-as-atitudes-de-nossa-senhora-w-sua-influencia-em-nosso-dias","status":"publish","type":"post","link":"https:\/\/migracao.redenoticia.com.br\/noticia\/2009\/obra-reflete-sobre-as-atitudes-de-nossa-senhora-w-sua-influencia-em-nosso-dias\/3760","title":{"rendered":"Obra reflete sobre as atitudes de Nossa Senhora e sua influ\u00eancia em nosso dias"},"content":{"rendered":"<p>Maria \u00e9 o castelo forte para onde podemos correr em meio \u00e0s situa\u00e7\u00f5es conflitivas. Basta t\u00e3o somente avistar os fortes muros de um castelo para que a pessoa em fuga sinta a seguran\u00e7a retornar ao seu cora\u00e7\u00e3o. Andar, portanto, em dire\u00e7\u00e3o a Maria torna-se sin\u00f4nimo de buscar a companhia materna daquela ao nosso lado, de m\u00e3os dadas com cada um de n\u00f3s.\u201d<br \/>\nEsse trecho \u00e9 parte do livro Viver com Maria, lan\u00e7amento da PAULUS que fala sobre a Rainha do C\u00e9u de forma simples e acess\u00edvel. A obra dialoga com o leitor a respeito da import\u00e2ncia dessa mulher t\u00e3o especial e apresenta li\u00e7\u00f5es de vida que podem ser consideradas uma nova luz na busca da realiza\u00e7\u00e3o pessoal e na viv\u00eancia da f\u00e9 crist\u00e3.<br \/>\nMaria teve uma experi\u00eancia \u00edntima e profunda do mist\u00e9rio de Deus; por isso, \u00e9 uma figura imensamente inspiradora no \u00e2mbito espiritual, cultural e social. No cap\u00edtulo \u201cUma mulher de nosso tempo\u201d, o autor explica que muitos ainda a enxergam como uma figura nost\u00e1lgica, por\u00e9m, \u00e9 preciso pensar na realidade atual de Maria como aquela que nos prepara, no presente, para explorar o futuro. \u201cA beleza e a presen\u00e7a de Maria n\u00e3o se encontram no passado. Sua beleza e presen\u00e7a encontram-se no tempo que se chama hoje. Nada mais simples e mais espetacular do que isso: para nos encontrar com Maria, n\u00e3o precisamos olhar para um passado t\u00e3o distante que nossos olhos n\u00e3o alcan\u00e7am. Ela est\u00e1 ao nosso lado como a m\u00e3e que continua a ser\u201d.<br \/>\nAl\u00e9m da reflex\u00e3o acerca da atualidade de Maria, o livro apresenta temas que s\u00e3o frutos de uma amadurecida medita\u00e7\u00e3o crist\u00e3 sobre as coisas rotineiras da vida do ser humano, como o medo do futuro, a necessidade de relacionamentos saud\u00e1veis, as responsabilidades, entre outras que, se forem vivenciadas com o pensamento em Maria, ser\u00e3o ainda mais especiais, mais bonitas, mais alegres.<br \/>\nA obra Viver com Maria pertence \u00e0 cole\u00e7\u00e3o Temas Marianos, da qual fazem parte tamb\u00e9m os seguintes t\u00edtulos: Apari\u00e7\u00f5es de Nossa Senhora \u2013 Suas mensagens e milagres,Maria e a Trindade &#8211; Implica\u00e7\u00f5es pastorais &#8211; Caminhos pedag\u00f3gicos &#8211; Viv\u00eancia da espiritualidadee Maria na piedade popular.<br \/>\nLuiz Alexandre Solano Rossi \u00e9 professor-adjunto na PUC-PR, no mestrado em Teologia. Possui doutorado em Ci\u00eancias Sociais e Religi\u00e3o e p\u00f3s-doutorado em Hist\u00f3ria Antiga e em Teologia. \u00c9 autor e tradutor da PAULUS Editora.<\/p>\n","protected":false},"excerpt":{"rendered":"<p>Maria \u00e9 o castelo forte para onde podemos correr em meio \u00e0s situa\u00e7\u00f5es conflitivas. Basta t\u00e3o somente avistar os fortes muros de um castelo para que a pessoa em fuga sinta a seguran\u00e7a retornar ao seu cora\u00e7\u00e3o. Andar, portanto, em dire\u00e7\u00e3o a Maria torna-se sin\u00f4nimo de buscar a companhia materna daquela ao nosso lado, de [&hellip;]<\/p>\n","protected":false},"author":2,"featured_media":0,"comment_status":"open","ping_status":"open","sticky":false,"template":"","format":"standard","meta":{"tdm_status":"","tdm_grid_status":"","footnotes":""},"categories":[22],"tags":[],"class_list":{"0":"post-3760","1":"post","2":"type-post","3":"status-publish","4":"format-standard","6":"category-brasil"},"_links":{"self":[{"href":"https:\/\/migracao.redenoticia.com.br\/noticia\/wp-json\/wp\/v2\/posts\/3760","targetHints":{"allow":["GET"]}}],"collection":[{"href":"https:\/\/migracao.redenoticia.com.br\/noticia\/wp-json\/wp\/v2\/posts"}],"about":[{"href":"https:\/\/migracao.redenoticia.com.br\/noticia\/wp-json\/wp\/v2\/types\/post"}],"author":[{"embeddable":true,"href":"https:\/\/migracao.redenoticia.com.br\/noticia\/wp-json\/wp\/v2\/users\/2"}],"replies":[{"embeddable":true,"href":"https:\/\/migracao.redenoticia.com.br\/noticia\/wp-json\/wp\/v2\/comments?post=3760"}],"version-history":[{"count":0,"href":"https:\/\/migracao.redenoticia.com.br\/noticia\/wp-json\/wp\/v2\/posts\/3760\/revisions"}],"wp:attachment":[{"href":"https:\/\/migracao.redenoticia.com.br\/noticia\/wp-json\/wp\/v2\/media?parent=3760"}],"wp:term":[{"taxonomy":"category","embeddable":true,"href":"https:\/\/migracao.redenoticia.com.br\/noticia\/wp-json\/wp\/v2\/categories?post=3760"},{"taxonomy":"post_tag","embeddable":true,"href":"https:\/\/migracao.redenoticia.com.br\/noticia\/wp-json\/wp\/v2\/tags?post=3760"}],"curies":[{"name":"wp","href":"https:\/\/api.w.org\/{rel}","templated":true}]}}