{"id":3764,"date":"2009-06-25T14:19:47","date_gmt":"2009-06-25T18:19:47","guid":{"rendered":"http:\/\/www.redenoticia.com.br\/noticia\/?p=3764"},"modified":"2009-06-25T14:19:47","modified_gmt":"2009-06-25T18:19:47","slug":"corpo-na-medida-certa","status":"publish","type":"post","link":"https:\/\/migracao.redenoticia.com.br\/noticia\/2009\/corpo-na-medida-certa\/3764","title":{"rendered":"Corpo na medida certa"},"content":{"rendered":"<p>Valorizar as formas, ter um corpo na medida certa e bem torneado e se sentir mais atraente e confiante s\u00e3o alguns dos desejos femininos que influenciam nas atitudes da mulher que se preocupa em deixar o corpo em forma, j\u00e1 se preparando para curtir o ver\u00e3o em alto estilo.<\/p>\n<p>Apesar da esta\u00e7\u00e3o mais quente do ano ainda estar distante, os especialistas falam que essa \u00e9 a hora de procurar por tratamentos est\u00e9ticos, que possam ajudar na redu\u00e7\u00e3o das medidas de regi\u00f5es como quadril, barriga e coxas.<\/p>\n<p>&#8220;Iniciar um programa de redu\u00e7\u00e3o de medidas durante o inverno \u00e9 a melhor escolha que uma mulher pode fazer, porque ela ter\u00e1 tempo suficiente para ganhar um corpo mais enxuto. \u00c9 necess\u00e1rio, entretanto, aliar alimenta\u00e7\u00e3o equilibrada e atividades f\u00edsicas para obter o resultado t\u00e3o desejado, porque nada funciona isoladamente&#8221;, destaca a Dra. Ana Cristina Fasanella, dermatologista, Membro da Sociedade Brasileira de Dermatologia, Membro da Sociedade Brasileira de Cirurgia Dermatol\u00f3gica e Membro do Grupo Brasileiro de Melanoma.<\/p>\n<p>Para saber quais os tratamentos est\u00e9ticos mais adequados e eficientes para reduzir medidas, a Dra. Ana Cristina Fasanella nos concedeu essa entrevista:<\/p>\n<p>1) O inverno \u00e9 a melhor \u00e9poca para iniciar os tratamentos de redu\u00e7\u00e3o de medidas? Em caso positivo, por qu\u00ea?<\/p>\n<p>\u00c9 uma \u00e9poca muito boa, porque dar\u00e1 tempo suficiente para a mulher se tratar antes do ver\u00e3o chegar, realizando n\u00famero de sess\u00f5es necess\u00e1rias, de acordo com o tratamento escolhido e se recuperando de poss\u00edveis incha\u00e7os ou efeitos inerentes ao processo.<\/p>\n<p>2) Quais os tratamentos mais modernos e eficientes dispon\u00edveis no Brasil para a redu\u00e7\u00e3o de medidas? Em quanto tempo os resultados podem ser sentidos e vistos, de acordo com o tratamento escolhido?<\/p>\n<p>Hoje, o tratamento que proporciona melhores resultados \u00e9 o Sistema Palomar Deep InfraRed ou Infravermelho Profundo: luz infravermelha de pulso extra-longo, para aquecimento d\u00e9rmico profundo sustent\u00e1vel. O aquecimento promove a nova forma\u00e7\u00e3o do col\u00e1geno, diminuindo o tecido adiposo, melhorando a flacidez e textura da pele. Realizado 1x ao m\u00eas e a dura\u00e7\u00e3o da sess\u00e3o depender\u00e1 da \u00e1rea tratada: Ex. culotes 30 minutos. Ele provoca sensa\u00e7\u00e3o de aquecimento e queimor local somente, deixa a pele levemente rosada por 1 hora, no m\u00e1ximo, podendo retornar \u00e0s atividades normais na seq\u00fc\u00eancia. Com rela\u00e7\u00e3o aos resultados, depender\u00e1 da regi\u00e3o corp\u00f3rea a ser tratada. Mas, em m\u00e9dia, necessita-se de um m\u00ednimo de 5 sess\u00f5es, uma por m\u00eas.<\/p>\n<p>3) Como atuam os aparelhos de eletroestimula\u00e7\u00e3o sobre o local com maior quantidade de gordura?<\/p>\n<p>A eletroestimula\u00e7\u00e3o contribui para tonificar a musculatura local. Com isso, a gordura que se encontra na superf\u00edcie do m\u00fasculo tratado torna-se melhor acomodada, com consequente melhora do relevo local.<\/p>\n<p>4) Durante um tratamento de redu\u00e7\u00e3o de medidas, quais os cuidados que a mulher deve ter em casa?<\/p>\n<p>O ideal \u00e9 manter uma boa dieta alimentar, ingerir um m\u00ednimo de 2 litros de l\u00edquidos por dia, ter atividade f\u00edsica regular (m\u00ednimo duas vezes por semana), usar um bom hidratante local, que tenha princ\u00edpios ativos que melhorem a circula\u00e7\u00e3o local da pele como Gingko Biloba, Remoduline, Liporeductyl, etc.<\/p>\n<p>5) O tratamento pode ser aliado \u00e0 realiza\u00e7\u00e3o de drenagem linf\u00e1tica?<\/p>\n<p>O tratamento de redu\u00e7\u00e3o de medidas pode estar aliado a sess\u00f5es de drenagem linf\u00e1tica, porque auxiliar\u00e1 no resultado final se a massagem for realizada uma a vez por semana, no m\u00ednimo. Com o Ultrassom, a drenagem \u00e9 melhor ainda, pois o efeito ser\u00e1 potencializado.<\/p>\n<p>6) Os cremes redutores para aplica\u00e7\u00e3o em casa s\u00e3o importantes? Eles ajudam a potencializar os resultados? Quais os mais eficientes ou os ativos que eles devem conter?<\/p>\n<p>Os cremes redutores s\u00e3o importantes, porque auxiliam na melhora cosm\u00e9tica da pele. Com rela\u00e7\u00e3o aos ativos, \u00e9 ideal que eles contenham Centelha Asi\u00e1tica, Cafeiscilane C, Remoduline, Liporeductyl, Asiatiacosideo, Adipol, Celulinol, Regu-shape e Nicotinato de metila.<\/p>\n<p>7) Existem cremes redutores que aquecem a \u00e1rea aplicada e outros esfriam. Para redu\u00e7\u00e3o de medidas, quais ingredientes que geram esses efeitos? Esses produtos s\u00e3o realmente eficientes?<\/p>\n<p>Acredito somente nos que esquentam, pois podem aumentar a permeabilidade dos ativos dos cremes na pele. S\u00e3o subst\u00e2ncias termog\u00eanicas, ou seja, que em contato com a pele friccionada liberam calor local, aumentando a permeabilidade da pele a penetra\u00e7\u00e3o das subst\u00e2ncias j\u00e1 citadas na quest\u00e3o anterior.<\/p>\n<p>Dr\u00aa Ana Cristina Fasanella (CRM-SP 74335), \u00e9 m\u00e9dica dermatologista, Membro da Sociedade Brasileira de Dermatologia, Membro da Sociedade Brasileira de Cirurgia Dermatol\u00f3gica, Membro do Grupo Brasileiro de Melanoma. \u00c9 Diretora da Cl\u00ednica Dermatologia Fasanella em S\u00e3o Paulo-SP.<\/p>\n","protected":false},"excerpt":{"rendered":"<p>Valorizar as formas, ter um corpo na medida certa e bem torneado e se sentir mais atraente e confiante s\u00e3o alguns dos desejos femininos que influenciam nas atitudes da mulher que se preocupa em deixar o corpo em forma, j\u00e1 se preparando para curtir o ver\u00e3o em alto estilo. Apesar da esta\u00e7\u00e3o mais quente do [&hellip;]<\/p>\n","protected":false},"author":3,"featured_media":0,"comment_status":"open","ping_status":"open","sticky":false,"template":"","format":"standard","meta":{"tdm_status":"","tdm_grid_status":"","footnotes":""},"categories":[5],"tags":[],"class_list":{"0":"post-3764","1":"post","2":"type-post","3":"status-publish","4":"format-standard","6":"category-saude-e-vida"},"_links":{"self":[{"href":"https:\/\/migracao.redenoticia.com.br\/noticia\/wp-json\/wp\/v2\/posts\/3764","targetHints":{"allow":["GET"]}}],"collection":[{"href":"https:\/\/migracao.redenoticia.com.br\/noticia\/wp-json\/wp\/v2\/posts"}],"about":[{"href":"https:\/\/migracao.redenoticia.com.br\/noticia\/wp-json\/wp\/v2\/types\/post"}],"author":[{"embeddable":true,"href":"https:\/\/migracao.redenoticia.com.br\/noticia\/wp-json\/wp\/v2\/users\/3"}],"replies":[{"embeddable":true,"href":"https:\/\/migracao.redenoticia.com.br\/noticia\/wp-json\/wp\/v2\/comments?post=3764"}],"version-history":[{"count":0,"href":"https:\/\/migracao.redenoticia.com.br\/noticia\/wp-json\/wp\/v2\/posts\/3764\/revisions"}],"wp:attachment":[{"href":"https:\/\/migracao.redenoticia.com.br\/noticia\/wp-json\/wp\/v2\/media?parent=3764"}],"wp:term":[{"taxonomy":"category","embeddable":true,"href":"https:\/\/migracao.redenoticia.com.br\/noticia\/wp-json\/wp\/v2\/categories?post=3764"},{"taxonomy":"post_tag","embeddable":true,"href":"https:\/\/migracao.redenoticia.com.br\/noticia\/wp-json\/wp\/v2\/tags?post=3764"}],"curies":[{"name":"wp","href":"https:\/\/api.w.org\/{rel}","templated":true}]}}