{"id":37658,"date":"2011-12-22T17:56:43","date_gmt":"2011-12-22T19:56:43","guid":{"rendered":"http:\/\/www.redenoticia.com.br\/noticia\/?p=37658"},"modified":"2011-12-22T17:56:43","modified_gmt":"2011-12-22T19:56:43","slug":"ccr-prepara-operacao-especial-em-rodovias-para-feriados-de-fim-de-ano","status":"publish","type":"post","link":"https:\/\/migracao.redenoticia.com.br\/noticia\/2011\/ccr-prepara-operacao-especial-em-rodovias-para-feriados-de-fim-de-ano\/37658","title":{"rendered":"CCR prepara opera\u00e7\u00e3o especial em rodovias para feriados de fim de ano"},"content":{"rendered":"<p><img loading=\"lazy\" decoding=\"async\" class=\"alignleft size-full wp-image-35207\" title=\"transito estradas\" src=\"https:\/\/migracao.redenoticia.com.br\/noticia\/imagens\/transito-estradas.jpg\" alt=\"\" width=\"300\" height=\"193\" srcset=\"https:\/\/migracao.redenoticia.com.br\/noticia\/imagens\/transito-estradas.jpg 300w, https:\/\/migracao.redenoticia.com.br\/noticia\/imagens\/transito-estradas-250x160.jpg 250w, https:\/\/migracao.redenoticia.com.br\/noticia\/imagens\/transito-estradas-150x96.jpg 150w\" sizes=\"auto, (max-width: 300px) 100vw, 300px\" \/>Apesar de pouco tempo para aproveitar as festas de Natal e Ano Novo, j\u00e1 que cair\u00e3o em finais de semana, os motoristas que programaram viajar nestas datas devem ficar atentos e ter cuidados redobrados, pois o <em><strong>movimento das estradas<\/strong><\/em> deve ser intenso a partir de quinta-feira (22).<\/p>\n<p>O Grupo CCR, um dos maiores grupos privados de concess\u00f5es de infraestrutura e respons\u00e1vel pela administra\u00e7\u00e3o das concession\u00e1rias CCR Ponte, CCR NovaDutra, CCR ViaLagos, CCR RodoNorte, CCR AutoBAn, CCR ViaOeste, CCR RodoAnel, Renovias e CCR SPVias, prev\u00ea que aproximadamente 5 milh\u00f5es de ve\u00edculos passem por seus2.437 quil\u00f4metrosde rodovias entre os dias 22 de dezembro e 2 de janeiro de 2012.<\/p>\n<p>As concession\u00e1rias acreditam que os per\u00edodos de maior movimento no Natal ser\u00e3o entre 17 h e 21 h na quinta-feira (22) e das 14 h \u00e0s 22 h na sexta-feira (23) e, no retorno, a maior concentra\u00e7\u00e3o de ve\u00edculos est\u00e1 prevista entre 17 h e 23 h de domingo (25). J\u00e1 para o Ano Novo, o fluxo intenso deve estar entre os hor\u00e1rios de 17 h e 20 h na quinta-feira (29) e das 16 h \u00e0s 21 h de sexta-feira (30). Na volta, grande expectativa de tr\u00e1fego entre 14 h e 22 h de domingo (1).<\/p>\n<p>Para garantir o conforto e a seguran\u00e7a dos motoristas, o servi\u00e7o SOS Usu\u00e1rio do Grupo CCR ser\u00e1 intensificado neste fim de ano, mais colaboradores e viaturas estar\u00e3o nas pistas para prestar atendimento gratuito \u00e0queles que precisarem. Para a opera\u00e7\u00e3o da rodovia, as concession\u00e1rias oferecem ainda ampla estrutura, com 61 bases operacionais, 2026 telefones de emerg\u00eancia, 153 pain\u00e9is de mensagens vari\u00e1veis (PMVs) e 245 c\u00e2meras.<\/p>\n<p>As pra\u00e7as de ped\u00e1gio v\u00e3o operar com capacidade plena nas cabines de arrecada\u00e7\u00e3o. Para evitar congestionamentos, sempre que necess\u00e1rio, ser\u00e1 acionada a opera\u00e7\u00e3o \u201cpapa-fila\u201d. Todas as rodovias do Grupo CCR oferecem ainda o sistema de pagamento autom\u00e1tico Sem Parar\/ViaF\u00e1cil.<\/p>\n<p>Seguran\u00e7a nas rodovias<\/p>\n<p>Neste per\u00edodo de festas de fim de ano, o Grupo CCR tamb\u00e9m vai intensificar as campanhas educativas nas rodovias para conscientizar os motoristas sobre como viajar com seguran\u00e7a. \u00c9 fundamental que os usu\u00e1rios respeitem os limites de velocidade, evitando acidentes, e que fiquem atentos \u00e0s mensagens dos pain\u00e9is eletr\u00f4nicos. Al\u00e9m disso, devem prestar aten\u00e7\u00e3o aos radares m\u00f3veis que ser\u00e3o instalados pela Pol\u00edcia Rodovi\u00e1ria para inibir poss\u00edveis infratores.<\/p>\n<p>Entre as dicas mais importantes para que os usu\u00e1rios tenham uma viagem tranquila est\u00e3o: fazer uma revis\u00e3o geral do ve\u00edculo e abastec\u00ea-lo antes de pegar a estrada, verificar se carteira de habilita\u00e7\u00e3o e documentos est\u00e3o em ordem, redobrar a aten\u00e7\u00e3o em caso de chuvas, n\u00e3o ingerir bebidas alco\u00f3licas se for dirigir e manter dist\u00e2ncia do ve\u00edculo \u00e0 frente.<\/p>\n<p>Veja as opera\u00e7\u00f5es especiais nasconcession\u00e1riasdoGrupoCCR:<\/p>\n<p>CCR Ponte<\/p>\n<p>A concession\u00e1ria CCR Ponte, respons\u00e1vel pela Ponte Rio-Niter\u00f3i, estima que, no Natal, cerca de 275 mil ve\u00edculos passem pela Ponte nos sentidos Rio de Janeiro e Niter\u00f3i. No fim de semana do Ano Novo, a expectativa \u00e9 que mais de 275 mil ve\u00edculos circulem nos dois sentidos. Nos dois per\u00edodos, todo o efetivo operacional da CCR Ponte estar\u00e1 nas pistas para atender os usu\u00e1rios.<\/p>\n<p>CCR NovaDutra<\/p>\n<p>A previs\u00e3o da concession\u00e1ria CCR NovaDutra \u00e9 que 414 mil ve\u00edculos circulem pela rodovia no Natal e 355 mil no Ano Novo. As obras em andamento que exigem interdi\u00e7\u00e3o de tr\u00e1fego ser\u00e3o paralisadas durante o per\u00edodo de festa. Mais de 500 colaboradores estar\u00e3o trabalhando no atendimento do SOS Usu\u00e1rio, entre m\u00e9dicos, enfermeiros e agentes de atendimento pr\u00e9-hospitalar.<\/p>\n<p>CCR ViaLagos<\/p>\n<p>A CCR ViaLagos estima que mais de 375 mil ve\u00edculos circulem pela Rodovia dos Lagos entre os fins de semana do Natal e do Ano Novo. A concession\u00e1ria destaca que os motoristas que utilizarem a rodovia devem aproveitar as vantagens do Programa Para\u00edso de Descontos, que d\u00e1 direito a descontos exclusivos em mais de 200 estabelecimentos comerciais da Costa do Sol, entre hot\u00e9is, pousadas, restaurantes e farm\u00e1cias. Basta apresentar o recibo do ped\u00e1gio ou o extrato do sistema de ped\u00e1gio autom\u00e1tico.<\/p>\n<p>CCR RodoNorte<\/p>\n<p>O fluxo total para os dois per\u00edodos em todas as rodovias da CCR RodoNorte ser\u00e1 de 747 mil ve\u00edculos no Natal e de 686 mil no Ano Novo. O ponto de maior fluxo ser\u00e1em S\u00e3o Luizdo Purun\u00e3, liga\u00e7\u00e3o entre Curitiba e o interior do Estado. A concession\u00e1ria vai ampliar o n\u00famero de rotas de inspe\u00e7\u00e3o e colocar viaturas em locais estrat\u00e9gicos para agilizar o atendimento de acordo com o aumento da demanda.<\/p>\n<p>CCR AutoBAn<\/p>\n<p>No final de semana em que se comemora o Natal, a CCR AutoBAn prev\u00ea a circula\u00e7\u00e3o de aproximadamente 670 mil ve\u00edculos. J\u00e1 para o Ano Novo, a concession\u00e1ria estima a circula\u00e7\u00e3o de cerca de 590 mil ve\u00edculos.<\/p>\n<p>Nos domingos (25 de dezembro e 1 de janeiro) , das 14 \u00e0s 22 h, os caminhos com destino \u00e0 capital pela Rodovia dos Bandeirantes devem utilizar a Via Anhanguera no trecho do km 48 ao km 23, entre Jundia\u00ed e S\u00e3o Paulo, acessando a rodovia pela sa\u00edda 48 da Bandeirantes. O desvio tem como objetivo melhorar a distribui\u00e7\u00e3o do tr\u00e1fego. A fiscaliza\u00e7\u00e3o ter\u00e1 o apoio da Pol\u00edcia Militar Rodovi\u00e1ria.<\/p>\n<p>CCR ViaOeste<\/p>\n<p>A CCR ViaOeste estima que cerca de 700 mil ve\u00edculos circulem pelos dois sentidos (interior e capital) do Sistema Castello-Raposo entre Natal e Ano Novo. Nos per\u00edodos de maior movimento (entre 23 e 26 de dezembro e 29 de dezembro e 2 de janeiro) as obras em execu\u00e7\u00e3o no sistema que causam interfer\u00eancia no tr\u00e1fego ser\u00e3o suspensas.<\/p>\n<p>Nos dias 25 de dezembro e 1 de janeiro, entre 14 h e 1 h, o tr\u00e1fego de caminh\u00f5es estar\u00e1 proibido na Rodovia Castello Branco, sentido capital.<\/p>\n<p>CCR SPVias<\/p>\n<p>A concession\u00e1ria CCR SPVias prev\u00ea que cerca de 428 mil ve\u00edculos utilizem suas rodovias no per\u00edodo do Natal e 320 mil no fim de semana do Ano Novo. Na h\u00e1 obras previstas para nenhum dos per\u00edodos. Assim como nas outras concession\u00e1rias do Grupo, toda a frota do SOS Usu\u00e1rio estar\u00e1 em opera\u00e7\u00e3o.<\/p>\n<p>Renovias<\/p>\n<p>Pelo menos 83 mil ve\u00edculos devem passar pela pista norte do Ped\u00e1gio Jaguari\u00fana da Renovias durante o feriado de Natal. A concession\u00e1ria ressalta que a responsabilidade e o respeito \u00e0s leis de tr\u00e2nsito continuam sendo as principais recomenda\u00e7\u00f5es para quem vai viajar.<\/p>\n<p>Condi\u00e7\u00f5es de tr\u00e1fego<\/p>\n<p>Para dar maior agilidade \u00e0 transmiss\u00e3o de informa\u00e7\u00f5es \u00e0imprensa e aos usu\u00e1rios, as concession\u00e1rias do Grupo CCR disponibilizam em seus sites, em tempo real e ininterruptamente, as condi\u00e7\u00f5es de tr\u00e1fego de suas rodovias.<\/p>\n<p>CCR NovaDutra &#8211; <a href=\"http:\/\/www.grupoccr.com.br\/novadutra\" target=\"_blank\">www.grupoccr.com.br\/novadutra<\/a><\/p>\n<p>CCR AutoBan &#8211; <a href=\"http:\/\/www.grupoccr.com.br\/autoban\" target=\"_blank\">www.grupoccr.com.br\/autoban<\/a><\/p>\n<p>CCR ViaOeste &#8211; <a href=\"http:\/\/www.grupoccr.com.br\/viaoeste\" target=\"_blank\">www.grupoccr.com.br\/viaoeste<\/a><\/p>\n<p>CCR RodoAnel &#8211; <a href=\"http:\/\/www.grupoccr.com.br\/rodoanel\" target=\"_blank\">www.grupoccr.com.br\/rodoanel<\/a><\/p>\n<p>Renovias \u2013 <a href=\"http:\/\/www.renovias.com.br\" target=\"_blank\">www.renovias.com.br<\/a><\/p>\n<p>CCR SPVias \u2013 <a href=\"http:\/\/www.spvias.com.br\" target=\"_blank\">www.spvias.com.br<\/a><\/p>\n<p>Sobre o Grupo CCR: O Grupo CCR \u00e9 um dos maiores grupos de concess\u00e3o de infraestrutura da Am\u00e9rica Latina, empregando atualmente cerca de 10 mil colaboradores. Controla 2.437 quil\u00f4metros de rodovias sob a gest\u00e3o das concession\u00e1rias CCR Ponte (RJ), CCR NovaDutra (SP-RJ), CCR ViaLagos (RJ), CCR RodoNorte (PR), CCR AutoBAn (SP), CCR ViaOeste (SP) e CCR RodoAnel (SP), SPVias (SP) e Renovias (SP), as duas \u00faltimas por meio de sua controlada CPC. O Grupo CCR tamb\u00e9m atua em neg\u00f3cios correlatos, tendo participa\u00e7\u00e3o de 38,25% na STP, que opera o servi\u00e7o de cobran\u00e7a autom\u00e1tica de ped\u00e1gios e estacionamentos, e de 45% no capital social da Controlar, concession\u00e1ria que realiza o programa de inspe\u00e7\u00e3o veicular da Cidade de S\u00e3o Paulo. Al\u00e9m disso, o Grupo CCR est\u00e1 presente no segmento de transporte de passageiros com a Linha 4-Amarela do metr\u00f4 de S\u00e3o Paulo, por meio da Concession\u00e1ria ViaQuatro, com participa\u00e7\u00e3o de 58% no capital social da empresa.<\/p>\n","protected":false},"excerpt":{"rendered":"<p>Apesar de pouco tempo para aproveitar as festas de Natal e Ano Novo, j\u00e1 que cair\u00e3o em finais de semana, os motoristas que programaram viajar nestas datas devem ficar atentos e ter cuidados redobrados, pois o movimento das estradas deve ser intenso a partir de quinta-feira (22). O Grupo CCR, um dos maiores grupos privados [&hellip;]<\/p>\n","protected":false},"author":3,"featured_media":35207,"comment_status":"open","ping_status":"closed","sticky":false,"template":"","format":"standard","meta":{"tdm_status":"","tdm_grid_status":"","footnotes":""},"categories":[22],"tags":[],"class_list":{"0":"post-37658","1":"post","2":"type-post","3":"status-publish","4":"format-standard","5":"has-post-thumbnail","7":"category-brasil"},"_links":{"self":[{"href":"https:\/\/migracao.redenoticia.com.br\/noticia\/wp-json\/wp\/v2\/posts\/37658","targetHints":{"allow":["GET"]}}],"collection":[{"href":"https:\/\/migracao.redenoticia.com.br\/noticia\/wp-json\/wp\/v2\/posts"}],"about":[{"href":"https:\/\/migracao.redenoticia.com.br\/noticia\/wp-json\/wp\/v2\/types\/post"}],"author":[{"embeddable":true,"href":"https:\/\/migracao.redenoticia.com.br\/noticia\/wp-json\/wp\/v2\/users\/3"}],"replies":[{"embeddable":true,"href":"https:\/\/migracao.redenoticia.com.br\/noticia\/wp-json\/wp\/v2\/comments?post=37658"}],"version-history":[{"count":0,"href":"https:\/\/migracao.redenoticia.com.br\/noticia\/wp-json\/wp\/v2\/posts\/37658\/revisions"}],"wp:featuredmedia":[{"embeddable":true,"href":"https:\/\/migracao.redenoticia.com.br\/noticia\/wp-json\/wp\/v2\/media\/35207"}],"wp:attachment":[{"href":"https:\/\/migracao.redenoticia.com.br\/noticia\/wp-json\/wp\/v2\/media?parent=37658"}],"wp:term":[{"taxonomy":"category","embeddable":true,"href":"https:\/\/migracao.redenoticia.com.br\/noticia\/wp-json\/wp\/v2\/categories?post=37658"},{"taxonomy":"post_tag","embeddable":true,"href":"https:\/\/migracao.redenoticia.com.br\/noticia\/wp-json\/wp\/v2\/tags?post=37658"}],"curies":[{"name":"wp","href":"https:\/\/api.w.org\/{rel}","templated":true}]}}