{"id":37662,"date":"2011-12-22T18:11:57","date_gmt":"2011-12-22T20:11:57","guid":{"rendered":"http:\/\/www.redenoticia.com.br\/noticia\/?p=37662"},"modified":"2011-12-25T14:23:03","modified_gmt":"2011-12-25T16:23:03","slug":"funcionamento-dos-espacos-culturais-em-sp-no-feriado-de-natal","status":"publish","type":"post","link":"https:\/\/migracao.redenoticia.com.br\/noticia\/2011\/funcionamento-dos-espacos-culturais-em-sp-no-feriado-de-natal\/37662","title":{"rendered":"Funcionamento dos espa\u00e7os culturais em SP no feriado Natal 2011"},"content":{"rendered":"<p><img loading=\"lazy\" decoding=\"async\" class=\"alignleft size-full wp-image-27918\" title=\"virada cultural sp\" src=\"https:\/\/migracao.redenoticia.com.br\/noticia\/imagens\/virada-cultural-sp-2010.jpg\" alt=\"\" width=\"300\" height=\"193\" srcset=\"https:\/\/migracao.redenoticia.com.br\/noticia\/imagens\/virada-cultural-sp-2010.jpg 300w, https:\/\/migracao.redenoticia.com.br\/noticia\/imagens\/virada-cultural-sp-2010-250x160.jpg 250w, https:\/\/migracao.redenoticia.com.br\/noticia\/imagens\/virada-cultural-sp-2010-150x96.jpg 150w\" sizes=\"auto, (max-width: 300px) 100vw, 300px\" \/>Confira os <em><strong>hor\u00e1rios de funcionamento<\/strong><\/em> de museus, bibliotecas e pal\u00e1cios da capital e do interior no feriado de <em><strong>Natal 2011<\/strong><\/em>:<\/p>\n<p>Capital<\/p>\n<p>Museu Paulista da USP<br \/>\nParque da Independ\u00eancia, s\/n\u00ba &#8211; Ipiranga &#8211; S\u00e3o Paulo<br \/>\nTelefone (11) 2065-8000<br \/>\nFuncionamento: dias 24 e 15\/12: fechado<br \/>\nIngressos: R$ 6 e R$ 3 (meia-entrada)<\/p>\n<p>Museu da Casa Brasileira<br \/>\nAvenida Brigadeiro Faria Lima, 2.705 &#8211; Jardim Paulistano &#8211; S\u00e3o Paulo<br \/>\nTelefone (11) 3032-3727<br \/>\nFuncionamento: dias 24 e 25\/12: fechado<br \/>\nIngressos: R$ 4,00 inteira; R$ 2,00 meia entrada<\/p>\n<p>Museu Afro Brasil<br \/>\nAvenida Pedro \u00c1lvares Cabral, s\/no &#8211; port\u00e3o 10 &#8211; Parque Ibirapuera &#8211; S\u00e3o Paulo<br \/>\nTelefone (11) 5579-0593<br \/>\nFuncionamento: dias 24 e 25\/12: fechado<br \/>\nIngressos: Entrada franca<\/p>\n<p>Museu de Zoologia<br \/>\nAvenida Nazar\u00e9, 481 &#8211; Ipiranga &#8211; S\u00e3o Paulo<br \/>\nTelefone (11) 2065-8100<br \/>\nFuncionamento: fechado para reforma<br \/>\nIngressos: R$ 6,00 inteira; R$ 3,00 meia entrada; gratuito para menores de 6 anos e maiores de 60<\/p>\n<p>Instituto Butantan<br \/>\nAvenida Vital Brazil, 1500 &#8211; tel. 3726 7222<br \/>\nFuncionamento: dias 24 e 25\/12: fechado<br \/>\nInforma\u00e7\u00f5es no site <a href=\"http:\/\/www.butantan.gov.br\/\" target=\"_blank\">www.butantan.gov.br<\/a><br \/>\nIngressos: R$ 6,00 adulto; R$ 2,50 estudante; gratuito para menores de 7 anos e maiores de 60<\/p>\n<p>Museu do Futebol<br \/>\nPra\u00e7a Charles Miller, s\/n\u00ba &#8211; Est\u00e1dio Paulo Machado de Carvalho &#8211; Pacaembu &#8211; SP<br \/>\nFone: (11) 3664-3848<br \/>\nFuncionamento: dias 24 e 25\/12: fechado<br \/>\nIngressos: R$ 6,00 inteira; R$ 3,00 estudantes, aposentados e maiores de 60 anos; quinta-feira entrada franca<\/p>\n<p>Pinacoteca do Estado<br \/>\nPra\u00e7a da Luz, 2 &#8211; S\u00e3o Paulo\/SP<br \/>\nFone: (11) 3324-1000<br \/>\nwww.pinacoteca.org.br<br \/>\nFuncionamento: dias 24 e 25\/12: fechado<br \/>\nIngressos: R$ 6,00 inteira; R$ 3,00 meia entrada; s\u00e1bado entrada franca<\/p>\n<p>Esta\u00e7\u00e3o Pinacoteca<br \/>\nLargo General Os\u00f3rio, 66 &#8211; Luz &#8211; S\u00e3o Paulo\/SP<br \/>\nFone: (11) 3335-4990<br \/>\nFuncionamento: dias 24 e 25\/12: fechado<br \/>\nIngressos: R$ 6,00 inteira; R$ 3,00 meia entrada<\/p>\n<p>Memorial da Resist\u00eancia<br \/>\nFuncionamento: dias 24 e 25\/12: fechado<br \/>\nIngressos: Entrada Franca<br \/>\nLargo General Os\u00f3rio, 66 &#8211; Luz &#8211; S\u00e3o Paulo\/SP<br \/>\nFone: (11) 3324-0943\/0944<\/p>\n<p>Pa\u00e7o das Artes<br \/>\nAv. da Universidade, 1 &#8211; Cidade Universit\u00e1ria (USP) &#8211; S\u00e3o Paulo\/SP<br \/>\nFone: (11) 3814-4832<br \/>\nwww.pacodasartes.org.br<br \/>\nFuncionamento: dias 24 e 25\/12: fechado<br \/>\nIngressos: Entrada Franca<\/p>\n<p>Casa das Rosas &#8211; Espa\u00e7o Haroldo de Campos de Poesia e Literatura<br \/>\nAv. Paulista, 37 &#8211; Bela Vista &#8211; S\u00e3o Paulo\/SP<br \/>\nFone: (11) 3285-6986 \/ 3288-9447<br \/>\nwww.poiesis.org.br\/casadasrosas<br \/>\nFuncionamento: dia 24: das 10h \u00e0s 18h; dia 25: fechado<br \/>\nIngressos: Entrada Franca<\/p>\n<p>Biblioteca de S\u00e3o Paulo<br \/>\nAv. Cruzeiro do Sul, 2630 &#8211; Parque da Juventude &#8211; Santana &#8211; S\u00e3o Paulo\/SP<br \/>\nFone: (11) 2089-0800<br \/>\nwww.bibliotecadesaopaulo.com.br<br \/>\nFuncionamento: dias 24 e 25\/12: fechado<br \/>\nIngressos: Entrada Franca<\/p>\n<p>Museu de Arte Sacra<br \/>\nAv.. Tiradentes, 676 &#8211; Luz &#8211; S\u00e3o Paulo\/SP<br \/>\nFone: (11) 3326-1373<br \/>\nwww.museuartesacra.org.br<br \/>\nFuncionamento: dia 24: das 10h \u00e0s 15h; dia 25: fechado<br \/>\nIngressos: R$ 6,00 inteira; R$ 3,00 meia entrada; gratuito para menores de 6 anos e maiores de 60<\/p>\n<p>Museu da Imagem e do Som<br \/>\nAvenida Europa, 158<br \/>\nS\u00e3o Paulo, 01449-000<br \/>\n(11) 2117-4777<br \/>\nFuncionamento: dia 24: das 12h \u00e0s 22h; 25: das 16h \u00e0s 21h<br \/>\nIngressos: R$ 4,00 inteira; R$ 2,00 meia entrada; Domingo entrada franca<\/p>\n<p>Catavento Cultural e Educacional<br \/>\nPal\u00e1cio das Ind\u00fastrias &#8211; Parque Dom Pedro II &#8211; S\u00e3o Paulo\/SP<br \/>\nFone: (11) 3315-0051<br \/>\nFuncionamento: dia 24 e 25\/12: fechado<br \/>\nIngressos: R$ 6,00 inteira; R$ 3,00 meia entrada<\/p>\n<p>Casa Guilherme de Almeida<br \/>\nRua Macap\u00e1, 187, Pacaembu<br \/>\nFone:(11)3673-1883\/ 3672-1391<br \/>\nFuncionamento: dia 24 e 25\/12: fechado<br \/>\nIngressos: Entrada Franca<\/p>\n<p>Memorial da Am\u00e9rica Latina<br \/>\nAv. \u00c1uro Soares M Andrade, 564 &#8211; Barra Funda &#8211; S\u00e3o Paulo\/SP<br \/>\nFone: (11) 3823-4600<br \/>\nFuncionamento: dia 24: das 9h \u00e0s 12h; dia 25\/12: fechado<\/p>\n<p>Museu da L\u00edngua Portuguesa<br \/>\nFechado dias: 24 e 25<br \/>\nEndere\u00e7o: Pra\u00e7a da Luz, s\/n\u00ba &#8211; Luz &#8211; S\u00e3o Paulo-SP<br \/>\nTel.: (11) 3326-0775<br \/>\nFuncionamento: de ter\u00e7a a domingo das 10h \u00e0s 18h<br \/>\nIngressos: R$ 6 e meia-entrada &#8211; pagamento somente em dinheiro<br \/>\nEntrada gratuita para professores da rede p\u00fablica com holerite e carteira de identidade; crian\u00e7as at\u00e9 10 anos e adultos a partir de 60 anos.<br \/>\nEntrada gratuita aos s\u00e1bados<br \/>\nNas \u00faltimas ter\u00e7as de cada m\u00eas, o hor\u00e1rio do Museu \u00e9 estendido at\u00e9 \u00e0s 22h. A bilheteria fecha \u00e0s 21h.<\/p>\n<p>Interior<\/p>\n<p>Museu Monteiro Lobato<br \/>\nRua Campinas, s\/n &#8211; Ch\u00e1cara do Visconde &#8211; Taubat\u00e9<br \/>\n(12) 3625-5062<br \/>\nFuncionamento: dias 24 e 25\/12: fechado<br \/>\nIngressos: Entrada Franca<\/p>\n<p>Museu Hist\u00f3rico e Pedag\u00f3gico Prudente de Moraes<br \/>\nRua Santo Ant\u00f4nio, 641 &#8211; Centro &#8211; Piracicaba<br \/>\nTelefone (19) 3422-3069<br \/>\nFuncionamento: dia 24: das 9h \u00e0s 17h; dia 25\/12: fechado<br \/>\nIngressos: Entrada Franca<\/p>\n<p>Museu Casa de Portinari<br \/>\nPra\u00e7a Candido Portinari, n\u00ba 298 &#8211; centro<br \/>\n14340-000 Brodowski &#8211; SP<br \/>\n(16) 3664-4284<br \/>\nFuncionamento: dia 24: 9h \u00e0s 17h; 25\/12: fechado<br \/>\nIngressos: Entrada Franca<\/p>\n<p>Museu do Caf\u00e9<br \/>\nRua 15 de Novembro, 95 &#8211; Centro &#8211; Santos, 11010-197<br \/>\n(13) 3213.1750<br \/>\nFuncionamento: dias 24 e 25\/12: fechado<br \/>\nIngressos: R$ 5,00 inteira; R$ 2,50 meia entrada<\/p>\n<p>Pal\u00e1cios do Governo<\/p>\n<p>Pal\u00e1cio dos Bandeirantes<br \/>\nAvenida Morumbi, 4.500 &#8211; Port\u00e3o 2<br \/>\nInforma\u00e7\u00f5es: 2193.8282 &#8211; monitoria@sp.gov.br<br \/>\nFuncionamento: dias 24 e 25\/12: fechado<br \/>\nIngressos: Entrada Franca<\/p>\n<p>Pal\u00e1cio do Horto<br \/>\nRua do Horto, 931 &#8211; Horto Florestal &#8211; Gr\u00e1tis<br \/>\nInforma\u00e7\u00f5es: (11) 2193.8282 &#8211; monitoria@sp.gov.br<br \/>\nFuncionamento: dias 24 e 25\/12: fechado<br \/>\nIngressos: Entrada Franca<\/p>\n<p>Pal\u00e1cio Boa Vista<br \/>\nAvenida Adhemar de Barros, 3.001 &#8211; Campos do Jord\u00e3o<br \/>\nTelefone para Agendamento: (12) 3662.1122<br \/>\nFuncionamento: dias 24 e 25\/12: fechado<br \/>\nIngressos: R$ 5,00 inteira; R$ 2,50 meia-entrada<\/p>\n<p>Do Portal do Governo do Estado<\/p>\n","protected":false},"excerpt":{"rendered":"<p>Confira os hor\u00e1rios de funcionamento de museus, bibliotecas e pal\u00e1cios da capital e do interior no feriado de Natal 2011: Capital Museu Paulista da USP Parque da Independ\u00eancia, s\/n\u00ba &#8211; Ipiranga &#8211; S\u00e3o Paulo Telefone (11) 2065-8000 Funcionamento: dias 24 e 15\/12: fechado Ingressos: R$ 6 e R$ 3 (meia-entrada) Museu da Casa Brasileira Avenida [&hellip;]<\/p>\n","protected":false},"author":3,"featured_media":27918,"comment_status":"open","ping_status":"closed","sticky":false,"template":"","format":"standard","meta":{"tdm_status":"","tdm_grid_status":"","footnotes":""},"categories":[22],"tags":[],"class_list":{"0":"post-37662","1":"post","2":"type-post","3":"status-publish","4":"format-standard","5":"has-post-thumbnail","7":"category-brasil"},"_links":{"self":[{"href":"https:\/\/migracao.redenoticia.com.br\/noticia\/wp-json\/wp\/v2\/posts\/37662","targetHints":{"allow":["GET"]}}],"collection":[{"href":"https:\/\/migracao.redenoticia.com.br\/noticia\/wp-json\/wp\/v2\/posts"}],"about":[{"href":"https:\/\/migracao.redenoticia.com.br\/noticia\/wp-json\/wp\/v2\/types\/post"}],"author":[{"embeddable":true,"href":"https:\/\/migracao.redenoticia.com.br\/noticia\/wp-json\/wp\/v2\/users\/3"}],"replies":[{"embeddable":true,"href":"https:\/\/migracao.redenoticia.com.br\/noticia\/wp-json\/wp\/v2\/comments?post=37662"}],"version-history":[{"count":0,"href":"https:\/\/migracao.redenoticia.com.br\/noticia\/wp-json\/wp\/v2\/posts\/37662\/revisions"}],"wp:featuredmedia":[{"embeddable":true,"href":"https:\/\/migracao.redenoticia.com.br\/noticia\/wp-json\/wp\/v2\/media\/27918"}],"wp:attachment":[{"href":"https:\/\/migracao.redenoticia.com.br\/noticia\/wp-json\/wp\/v2\/media?parent=37662"}],"wp:term":[{"taxonomy":"category","embeddable":true,"href":"https:\/\/migracao.redenoticia.com.br\/noticia\/wp-json\/wp\/v2\/categories?post=37662"},{"taxonomy":"post_tag","embeddable":true,"href":"https:\/\/migracao.redenoticia.com.br\/noticia\/wp-json\/wp\/v2\/tags?post=37662"}],"curies":[{"name":"wp","href":"https:\/\/api.w.org\/{rel}","templated":true}]}}